{"id":3875,"date":"2026-04-28T09:00:44","date_gmt":"2026-04-28T09:00:44","guid":{"rendered":"https:\/\/www.conceptflats.com\/blog\/premier-padel-valencia-2026\/"},"modified":"2026-04-28T09:19:41","modified_gmt":"2026-04-28T09:19:41","slug":"premier-padel-valencia-2026","status":"publish","type":"post","link":"https:\/\/www.conceptflats.com\/it\/blog\/premier-padel-valencia-2026\/","title":{"rendered":"Premier P\u00e1del P1 2026: il miglior evento di padel nella capitale del Turia"},"content":{"rendered":"\n<p>La capitale del Turia si prepara per il miglior padel del mondo<sup><\/sup><\/p>\n\n<p><strong>Dal 6 al 14 giugno 2026<\/strong> | <strong>Palazzetto Fuente de San Luis (La Fonteta)<\/strong>.<\/p>\n\n<figure class=\"wp-block-image size-large\"><img fetchpriority=\"high\" decoding=\"async\" width=\"1024\" height=\"556\" src=\"https:\/\/www.conceptflats.com\/wp-content\/uploads\/2026\/04\/premier-pael-valencia-1024x556.jpg\" alt=\"\" class=\"wp-image-3863\" srcset=\"https:\/\/www.conceptflats.com\/wp-content\/uploads\/2026\/04\/premier-pael-valencia-1024x556.jpg 1024w, https:\/\/www.conceptflats.com\/wp-content\/uploads\/2026\/04\/premier-pael-valencia-300x163.jpg 300w, https:\/\/www.conceptflats.com\/wp-content\/uploads\/2026\/04\/premier-pael-valencia-768x417.jpg 768w, https:\/\/www.conceptflats.com\/wp-content\/uploads\/2026\/04\/premier-pael-valencia.jpg 1068w\" sizes=\"(max-width: 1024px) 100vw, 1024px\" \/><\/figure>\n\n<h2 class=\"wp-block-heading\">Date ufficiali Premier Padel Valencia 2026<\/h2>\n\n<p>Il torneo pi\u00f9 atteso dell&#8217;anno nella Comunit\u00e0 Valenciana si terr\u00e0 dal <strong>6 al 14 giugno 2026<\/strong>.<\/p>\n\n<p>Durante questi nove giorni, la citt\u00e0 diventer\u00e0 l&#8217;epicentro mondiale del padel. La competizione inizier\u00e0 con le intense fasi preliminari il 6 e 7, per poi passare al tabellone principale luned\u00ec 8 giugno. Se vuoi vivere la massima adrenalina, segna in rosso il <strong>weekend del 13 e 14 giugno<\/strong>, quando si disputeranno le semifinali e le grandi finali maschile e femminile.  <\/p>\n\n<h2 class=\"wp-block-heading\">Dove si svolge il torneo? Il cuore del padel a La Fonteta <\/h2>\n\n<p>Anche quest&#8217;anno, l&#8217;iconico <strong>Palazzetto Municipale Fuente de San Luis<\/strong> (conosciuto popolarmente come &#8220;La Fonteta&#8221;) sar\u00e0 la sede ufficiale. Con capacit\u00e0 per migliaia di spettatori, questo impianto \u00e8 famoso nel circuito per la sua acustica e la vicinanza del pubblico al campo, che crea un&#8217;atmosfera da &#8220;pentola a pressione&#8221; unica al mondo. <\/p>\n\n<ul class=\"wp-block-list\">\n<li><strong>Indirizzo:<\/strong> Av. dels Germans Maristes, 16, 46013 Valencia.<\/li>\n\n\n\n<li><strong>Riferimento:<\/strong> Situato accanto alla Citt\u00e0 delle Arti e delle Scienze e al centro commerciale El Saler.<\/li>\n<\/ul>\n\n<p>\ud83d\udca1 <strong><a href=\"https:\/\/www.conceptflats.com\/it\/appartamenti-a-valencia\/\">Prenota il tuo alloggio in anticipo a Valencia<\/a>.<\/strong> Durante la settimana del Premier P\u00e1del, hotel e appartamenti vicini si riempiono rapidamente.<br\/>\ud83d\udc49 <a href=\"https:\/\/booking.conceptflats.com\/it\/affitti\/affitti-affitti-d0\/\"><strong>Consulta la disponibilit\u00e0 e prenota il tuo alloggio qui<\/strong> <\/a>per assicurarti la migliore posizione e comodit\u00e0.<\/p>\n\n<h3 class=\"wp-block-heading\">Dove alloggiare per il Premier P\u00e1del Valencia<\/h3>\n\n<p>Se viaggi a Valencia per il P1, ti consigliamo di cercare alloggio in queste tre zone strategiche:<\/p>\n\n<p><strong>Centro Storico:<\/strong> Ideale se vuoi approfittare del torneo per fare turismo. Valencia ha un&#8217;eccellente rete di autobus (Linee 7, 13 e 18) che ti collegano direttamente all&#8217;evento. Qui puoi trovare <a href=\"https:\/\/www.conceptflats.com\/it\/affito-appartamenti-vacanze-carmen\/\">alloggi nelle vicinanze<\/a>  <\/p>\n\n<p><strong>Zona Citt\u00e0 delle Arti e delle Scienze (A 5 min):<\/strong> L&#8217;opzione pi\u00f9 comoda. Puoi raggiungere l&#8217;evento a piedi e impieghi pochissimo tempo ad arrivare. I nostri alloggi nella <a href=\"https:\/\/www.conceptflats.com\/it\/appartamenti-vacanze-nella-citta-delle-arti-e-delle-scienze\/\">Citt\u00e0 delle Arti e delle Scienze<\/a> sono ideali per questo evento.  <\/p>\n\n<p><strong>Quartiere di Ruzafa (A 10 min):<\/strong> Se cerchi atmosfera, gastronomia e alloggio in stile boutique. \u00c8 il quartiere di tendenza e si trova a pochi passi dal palazzetto. Scopri <a href=\"https:\/\/www.conceptflats.com\/it\/affitti-appartamenti-a-ruzafa-valencia\/\">dove alloggiare a Ruzafa<\/a>.  <\/p>\n\n<h3 class=\"wp-block-heading\">Biglietti Premier P\u00e1del Valencia 2026: Prezzi e Vendita<\/h3>\n\n<p>I biglietti per il Premier Padel Valencia di solito si esauriscono con settimane di anticipo. Per l&#8217;edizione 2026, i prezzi sono strutturati nel seguente modo: <\/p>\n\n<ul class=\"wp-block-list\">\n<li><strong>Giornate da luned\u00ec a mercoled\u00ec:<\/strong> Biglietti a partire da <strong>15 \u20ac<\/strong>. Ideale per vedere tutte le coppie del ranking sui campi secondari e centrale. <\/li>\n\n\n\n<li><strong>Abbonamenti weekend:<\/strong> Pacchetto per venerd\u00ec, sabato e domenica a partire da <strong>85 \u20ac<\/strong>.<\/li>\n\n\n\n<li><strong>Esperienza VIP:<\/strong> Include accesso all&#8217;hospitality, catering gourmet e la migliore visibilit\u00e0 del campo centrale.<\/li>\n<\/ul>\n\n<blockquote class=\"wp-block-quote is-layout-flow wp-block-quote-is-layout-flow\">\n<p><strong>Consiglio Pro:<\/strong> Acquista sempre attraverso i canali ufficiali (Padel GO o il sito di <a href=\"https:\/\/valenciapremierpadel.es\/torneo\/\">Premier Padel<\/a>) per evitare problemi di duplicazione nella rivendita.<\/p>\n<\/blockquote>\n\n<figure class=\"wp-block-image size-large\"><img decoding=\"async\" width=\"1024\" height=\"683\" src=\"https:\/\/www.conceptflats.com\/wp-content\/uploads\/2026\/04\/padel-valencia-1024x683.webp\" alt=\"\" class=\"wp-image-3866\" srcset=\"https:\/\/www.conceptflats.com\/wp-content\/uploads\/2026\/04\/padel-valencia-1024x683.webp 1024w, https:\/\/www.conceptflats.com\/wp-content\/uploads\/2026\/04\/padel-valencia-300x200.webp 300w, https:\/\/www.conceptflats.com\/wp-content\/uploads\/2026\/04\/padel-valencia-768x512.webp 768w, https:\/\/www.conceptflats.com\/wp-content\/uploads\/2026\/04\/padel-valencia.webp 1254w\" sizes=\"(max-width: 1024px) 100vw, 1024px\" \/><\/figure>\n","protected":false},"excerpt":{"rendered":"<p>La capitale del Turia si prepara per il miglior padel del mondo Dal 6 al 14 giugno 2026 | Palazzetto Fuente de San Luis (La Fonteta). Date ufficiali Premier Padel Valencia 2026 Il torneo pi\u00f9 atteso dell&#8217;anno nella Comunit\u00e0 Valenciana si terr\u00e0 dal 6 al 14 giugno 2026. Durante questi nove giorni, la citt\u00e0 diventer\u00e0 [&hellip;]<\/p>\n","protected":false},"author":1,"featured_media":3871,"comment_status":"closed","ping_status":"closed","sticky":false,"template":"","format":"standard","meta":{"_joinchat":[],"footnotes":""},"categories":[49],"tags":[],"class_list":["post-3875","post","type-post","status-publish","format-standard","has-post-thumbnail","hentry","category-eventi-valencia"],"yoast_head":"<!-- This site is optimized with the Yoast SEO plugin v27.4 - https:\/\/yoast.com\/product\/yoast-seo-wordpress\/ -->\n<title>Premier Padel Valencia 2026 | Biglietti, Date e Orari<\/title>\n<meta name=\"description\" content=\"Il miglior padel del mondo torna a Valencia! Consulta le date, acquista i tuoi biglietti per il P1 a La Fonteta. Posti limitati!\" \/>\n<meta name=\"robots\" content=\"index, follow, max-snippet:-1, max-image-preview:large, max-video-preview:-1\" \/>\n<link rel=\"canonical\" href=\"https:\/\/www.conceptflats.com\/it\/blog\/premier-padel-valencia-2026\/\" \/>\n<meta property=\"og:locale\" content=\"it_IT\" \/>\n<meta property=\"og:type\" content=\"article\" \/>\n<meta property=\"og:title\" content=\"Premier Padel Valencia 2026 | Biglietti, Date e Orari\" \/>\n<meta property=\"og:description\" content=\"Il miglior padel del mondo torna a Valencia! Consulta le date, acquista i tuoi biglietti per il P1 a La Fonteta. Posti limitati!\" \/>\n<meta property=\"og:url\" content=\"https:\/\/www.conceptflats.com\/it\/blog\/premier-padel-valencia-2026\/\" \/>\n<meta property=\"og:site_name\" content=\"Concept Flats Valencia\" \/>\n<meta property=\"article:published_time\" content=\"2026-04-28T09:00:44+00:00\" \/>\n<meta property=\"article:modified_time\" content=\"2026-04-28T09:19:41+00:00\" \/>\n<meta property=\"og:image\" content=\"https:\/\/www.conceptflats.com\/wp-content\/uploads\/2026\/04\/padel-valencia-1.webp\" \/>\n\t<meta property=\"og:image:width\" content=\"1254\" \/>\n\t<meta property=\"og:image:height\" content=\"836\" \/>\n\t<meta property=\"og:image:type\" content=\"image\/webp\" \/>\n<meta name=\"author\" content=\"digitalservice\" \/>\n<meta name=\"twitter:card\" content=\"summary_large_image\" \/>\n<meta name=\"twitter:label1\" content=\"Scritto da\" \/>\n\t<meta name=\"twitter:data1\" content=\"digitalservice\" \/>\n\t<meta name=\"twitter:label2\" content=\"Tempo di lettura stimato\" \/>\n\t<meta name=\"twitter:data2\" content=\"2 minuti\" \/>\n<script type=\"application\/ld+json\" class=\"yoast-schema-graph\">{\"@context\":\"https:\\\/\\\/schema.org\",\"@graph\":[{\"@type\":\"Article\",\"@id\":\"https:\\\/\\\/www.conceptflats.com\\\/it\\\/blog\\\/premier-padel-valencia-2026\\\/#article\",\"isPartOf\":{\"@id\":\"https:\\\/\\\/www.conceptflats.com\\\/it\\\/blog\\\/premier-padel-valencia-2026\\\/\"},\"author\":{\"name\":\"digitalservice\",\"@id\":\"https:\\\/\\\/www.conceptflats.com\\\/it\\\/#\\\/schema\\\/person\\\/3c658312d6cb67be9880bee04986c7eb\"},\"headline\":\"Premier P\u00e1del P1 2026: il miglior evento di padel nella capitale del Turia\",\"datePublished\":\"2026-04-28T09:00:44+00:00\",\"dateModified\":\"2026-04-28T09:19:41+00:00\",\"mainEntityOfPage\":{\"@id\":\"https:\\\/\\\/www.conceptflats.com\\\/it\\\/blog\\\/premier-padel-valencia-2026\\\/\"},\"wordCount\":467,\"publisher\":{\"@id\":\"https:\\\/\\\/www.conceptflats.com\\\/it\\\/#organization\"},\"image\":{\"@id\":\"https:\\\/\\\/www.conceptflats.com\\\/it\\\/blog\\\/premier-padel-valencia-2026\\\/#primaryimage\"},\"thumbnailUrl\":\"https:\\\/\\\/www.conceptflats.com\\\/wp-content\\\/uploads\\\/2026\\\/04\\\/padel-valencia-1.webp\",\"articleSection\":[\"Eventi\"],\"inLanguage\":\"it-IT\"},{\"@type\":\"WebPage\",\"@id\":\"https:\\\/\\\/www.conceptflats.com\\\/it\\\/blog\\\/premier-padel-valencia-2026\\\/\",\"url\":\"https:\\\/\\\/www.conceptflats.com\\\/it\\\/blog\\\/premier-padel-valencia-2026\\\/\",\"name\":\"Premier Padel Valencia 2026 | Biglietti, Date e Orari\",\"isPartOf\":{\"@id\":\"https:\\\/\\\/www.conceptflats.com\\\/it\\\/#website\"},\"primaryImageOfPage\":{\"@id\":\"https:\\\/\\\/www.conceptflats.com\\\/it\\\/blog\\\/premier-padel-valencia-2026\\\/#primaryimage\"},\"image\":{\"@id\":\"https:\\\/\\\/www.conceptflats.com\\\/it\\\/blog\\\/premier-padel-valencia-2026\\\/#primaryimage\"},\"thumbnailUrl\":\"https:\\\/\\\/www.conceptflats.com\\\/wp-content\\\/uploads\\\/2026\\\/04\\\/padel-valencia-1.webp\",\"datePublished\":\"2026-04-28T09:00:44+00:00\",\"dateModified\":\"2026-04-28T09:19:41+00:00\",\"description\":\"Il miglior padel del mondo torna a Valencia! Consulta le date, acquista i tuoi biglietti per il P1 a La Fonteta. Posti limitati!\",\"breadcrumb\":{\"@id\":\"https:\\\/\\\/www.conceptflats.com\\\/it\\\/blog\\\/premier-padel-valencia-2026\\\/#breadcrumb\"},\"inLanguage\":\"it-IT\",\"potentialAction\":[{\"@type\":\"ReadAction\",\"target\":[\"https:\\\/\\\/www.conceptflats.com\\\/it\\\/blog\\\/premier-padel-valencia-2026\\\/\"]}]},{\"@type\":\"ImageObject\",\"inLanguage\":\"it-IT\",\"@id\":\"https:\\\/\\\/www.conceptflats.com\\\/it\\\/blog\\\/premier-padel-valencia-2026\\\/#primaryimage\",\"url\":\"https:\\\/\\\/www.conceptflats.com\\\/wp-content\\\/uploads\\\/2026\\\/04\\\/padel-valencia-1.webp\",\"contentUrl\":\"https:\\\/\\\/www.conceptflats.com\\\/wp-content\\\/uploads\\\/2026\\\/04\\\/padel-valencia-1.webp\",\"width\":1254,\"height\":836},{\"@type\":\"BreadcrumbList\",\"@id\":\"https:\\\/\\\/www.conceptflats.com\\\/it\\\/blog\\\/premier-padel-valencia-2026\\\/#breadcrumb\",\"itemListElement\":[{\"@type\":\"ListItem\",\"position\":1,\"name\":\"Home\",\"item\":\"https:\\\/\\\/www.conceptflats.com\\\/it\\\/\"},{\"@type\":\"ListItem\",\"position\":2,\"name\":\"Premier P\u00e1del P1 2026: il miglior evento di padel nella capitale del Turia\"}]},{\"@type\":\"WebSite\",\"@id\":\"https:\\\/\\\/www.conceptflats.com\\\/it\\\/#website\",\"url\":\"https:\\\/\\\/www.conceptflats.com\\\/it\\\/\",\"name\":\"Concept Flats Valencia\",\"description\":\"\",\"publisher\":{\"@id\":\"https:\\\/\\\/www.conceptflats.com\\\/it\\\/#organization\"},\"potentialAction\":[{\"@type\":\"SearchAction\",\"target\":{\"@type\":\"EntryPoint\",\"urlTemplate\":\"https:\\\/\\\/www.conceptflats.com\\\/it\\\/?s={search_term_string}\"},\"query-input\":{\"@type\":\"PropertyValueSpecification\",\"valueRequired\":true,\"valueName\":\"search_term_string\"}}],\"inLanguage\":\"it-IT\"},{\"@type\":\"Organization\",\"@id\":\"https:\\\/\\\/www.conceptflats.com\\\/it\\\/#organization\",\"name\":\"Concept Flats Valencia\",\"url\":\"https:\\\/\\\/www.conceptflats.com\\\/it\\\/\",\"logo\":{\"@type\":\"ImageObject\",\"inLanguage\":\"it-IT\",\"@id\":\"https:\\\/\\\/www.conceptflats.com\\\/it\\\/#\\\/schema\\\/logo\\\/image\\\/\",\"url\":\"https:\\\/\\\/www.conceptflats.com\\\/wp-content\\\/uploads\\\/2025\\\/02\\\/Concept-Flats.png\",\"contentUrl\":\"https:\\\/\\\/www.conceptflats.com\\\/wp-content\\\/uploads\\\/2025\\\/02\\\/Concept-Flats.png\",\"width\":400,\"height\":121,\"caption\":\"Concept Flats Valencia\"},\"image\":{\"@id\":\"https:\\\/\\\/www.conceptflats.com\\\/it\\\/#\\\/schema\\\/logo\\\/image\\\/\"}},{\"@type\":\"Person\",\"@id\":\"https:\\\/\\\/www.conceptflats.com\\\/it\\\/#\\\/schema\\\/person\\\/3c658312d6cb67be9880bee04986c7eb\",\"name\":\"digitalservice\",\"image\":{\"@type\":\"ImageObject\",\"inLanguage\":\"it-IT\",\"@id\":\"https:\\\/\\\/secure.gravatar.com\\\/avatar\\\/bb32062d9a31dae1ae4e7fbbe66028066d74f02ad75875f5f617860c81ed25fc?s=96&d=mm&r=g\",\"url\":\"https:\\\/\\\/secure.gravatar.com\\\/avatar\\\/bb32062d9a31dae1ae4e7fbbe66028066d74f02ad75875f5f617860c81ed25fc?s=96&d=mm&r=g\",\"contentUrl\":\"https:\\\/\\\/secure.gravatar.com\\\/avatar\\\/bb32062d9a31dae1ae4e7fbbe66028066d74f02ad75875f5f617860c81ed25fc?s=96&d=mm&r=g\",\"caption\":\"digitalservice\"},\"sameAs\":[\"https:\\\/\\\/www.conceptflats.com\"],\"url\":\"https:\\\/\\\/www.conceptflats.com\\\/it\\\/blog\\\/author\\\/avantioblog\\\/\"}]}<\/script>\n<!-- \/ Yoast SEO plugin. -->","yoast_head_json":{"title":"Premier Padel Valencia 2026 | Biglietti, Date e Orari","description":"Il miglior padel del mondo torna a Valencia! Consulta le date, acquista i tuoi biglietti per il P1 a La Fonteta. Posti limitati!","robots":{"index":"index","follow":"follow","max-snippet":"max-snippet:-1","max-image-preview":"max-image-preview:large","max-video-preview":"max-video-preview:-1"},"canonical":"https:\/\/www.conceptflats.com\/it\/blog\/premier-padel-valencia-2026\/","og_locale":"it_IT","og_type":"article","og_title":"Premier Padel Valencia 2026 | Biglietti, Date e Orari","og_description":"Il miglior padel del mondo torna a Valencia! Consulta le date, acquista i tuoi biglietti per il P1 a La Fonteta. Posti limitati!","og_url":"https:\/\/www.conceptflats.com\/it\/blog\/premier-padel-valencia-2026\/","og_site_name":"Concept Flats Valencia","article_published_time":"2026-04-28T09:00:44+00:00","article_modified_time":"2026-04-28T09:19:41+00:00","og_image":[{"width":1254,"height":836,"url":"https:\/\/www.conceptflats.com\/wp-content\/uploads\/2026\/04\/padel-valencia-1.webp","type":"image\/webp"}],"author":"digitalservice","twitter_card":"summary_large_image","twitter_misc":{"Scritto da":"digitalservice","Tempo di lettura stimato":"2 minuti"},"schema":{"@context":"https:\/\/schema.org","@graph":[{"@type":"Article","@id":"https:\/\/www.conceptflats.com\/it\/blog\/premier-padel-valencia-2026\/#article","isPartOf":{"@id":"https:\/\/www.conceptflats.com\/it\/blog\/premier-padel-valencia-2026\/"},"author":{"name":"digitalservice","@id":"https:\/\/www.conceptflats.com\/it\/#\/schema\/person\/3c658312d6cb67be9880bee04986c7eb"},"headline":"Premier P\u00e1del P1 2026: il miglior evento di padel nella capitale del Turia","datePublished":"2026-04-28T09:00:44+00:00","dateModified":"2026-04-28T09:19:41+00:00","mainEntityOfPage":{"@id":"https:\/\/www.conceptflats.com\/it\/blog\/premier-padel-valencia-2026\/"},"wordCount":467,"publisher":{"@id":"https:\/\/www.conceptflats.com\/it\/#organization"},"image":{"@id":"https:\/\/www.conceptflats.com\/it\/blog\/premier-padel-valencia-2026\/#primaryimage"},"thumbnailUrl":"https:\/\/www.conceptflats.com\/wp-content\/uploads\/2026\/04\/padel-valencia-1.webp","articleSection":["Eventi"],"inLanguage":"it-IT"},{"@type":"WebPage","@id":"https:\/\/www.conceptflats.com\/it\/blog\/premier-padel-valencia-2026\/","url":"https:\/\/www.conceptflats.com\/it\/blog\/premier-padel-valencia-2026\/","name":"Premier Padel Valencia 2026 | Biglietti, Date e Orari","isPartOf":{"@id":"https:\/\/www.conceptflats.com\/it\/#website"},"primaryImageOfPage":{"@id":"https:\/\/www.conceptflats.com\/it\/blog\/premier-padel-valencia-2026\/#primaryimage"},"image":{"@id":"https:\/\/www.conceptflats.com\/it\/blog\/premier-padel-valencia-2026\/#primaryimage"},"thumbnailUrl":"https:\/\/www.conceptflats.com\/wp-content\/uploads\/2026\/04\/padel-valencia-1.webp","datePublished":"2026-04-28T09:00:44+00:00","dateModified":"2026-04-28T09:19:41+00:00","description":"Il miglior padel del mondo torna a Valencia! Consulta le date, acquista i tuoi biglietti per il P1 a La Fonteta. Posti limitati!","breadcrumb":{"@id":"https:\/\/www.conceptflats.com\/it\/blog\/premier-padel-valencia-2026\/#breadcrumb"},"inLanguage":"it-IT","potentialAction":[{"@type":"ReadAction","target":["https:\/\/www.conceptflats.com\/it\/blog\/premier-padel-valencia-2026\/"]}]},{"@type":"ImageObject","inLanguage":"it-IT","@id":"https:\/\/www.conceptflats.com\/it\/blog\/premier-padel-valencia-2026\/#primaryimage","url":"https:\/\/www.conceptflats.com\/wp-content\/uploads\/2026\/04\/padel-valencia-1.webp","contentUrl":"https:\/\/www.conceptflats.com\/wp-content\/uploads\/2026\/04\/padel-valencia-1.webp","width":1254,"height":836},{"@type":"BreadcrumbList","@id":"https:\/\/www.conceptflats.com\/it\/blog\/premier-padel-valencia-2026\/#breadcrumb","itemListElement":[{"@type":"ListItem","position":1,"name":"Home","item":"https:\/\/www.conceptflats.com\/it\/"},{"@type":"ListItem","position":2,"name":"Premier P\u00e1del P1 2026: il miglior evento di padel nella capitale del Turia"}]},{"@type":"WebSite","@id":"https:\/\/www.conceptflats.com\/it\/#website","url":"https:\/\/www.conceptflats.com\/it\/","name":"Concept Flats Valencia","description":"","publisher":{"@id":"https:\/\/www.conceptflats.com\/it\/#organization"},"potentialAction":[{"@type":"SearchAction","target":{"@type":"EntryPoint","urlTemplate":"https:\/\/www.conceptflats.com\/it\/?s={search_term_string}"},"query-input":{"@type":"PropertyValueSpecification","valueRequired":true,"valueName":"search_term_string"}}],"inLanguage":"it-IT"},{"@type":"Organization","@id":"https:\/\/www.conceptflats.com\/it\/#organization","name":"Concept Flats Valencia","url":"https:\/\/www.conceptflats.com\/it\/","logo":{"@type":"ImageObject","inLanguage":"it-IT","@id":"https:\/\/www.conceptflats.com\/it\/#\/schema\/logo\/image\/","url":"https:\/\/www.conceptflats.com\/wp-content\/uploads\/2025\/02\/Concept-Flats.png","contentUrl":"https:\/\/www.conceptflats.com\/wp-content\/uploads\/2025\/02\/Concept-Flats.png","width":400,"height":121,"caption":"Concept Flats Valencia"},"image":{"@id":"https:\/\/www.conceptflats.com\/it\/#\/schema\/logo\/image\/"}},{"@type":"Person","@id":"https:\/\/www.conceptflats.com\/it\/#\/schema\/person\/3c658312d6cb67be9880bee04986c7eb","name":"digitalservice","image":{"@type":"ImageObject","inLanguage":"it-IT","@id":"https:\/\/secure.gravatar.com\/avatar\/bb32062d9a31dae1ae4e7fbbe66028066d74f02ad75875f5f617860c81ed25fc?s=96&d=mm&r=g","url":"https:\/\/secure.gravatar.com\/avatar\/bb32062d9a31dae1ae4e7fbbe66028066d74f02ad75875f5f617860c81ed25fc?s=96&d=mm&r=g","contentUrl":"https:\/\/secure.gravatar.com\/avatar\/bb32062d9a31dae1ae4e7fbbe66028066d74f02ad75875f5f617860c81ed25fc?s=96&d=mm&r=g","caption":"digitalservice"},"sameAs":["https:\/\/www.conceptflats.com"],"url":"https:\/\/www.conceptflats.com\/it\/blog\/author\/avantioblog\/"}]}},"_links":{"self":[{"href":"https:\/\/www.conceptflats.com\/it\/wp-json\/wp\/v2\/posts\/3875","targetHints":{"allow":["GET"]}}],"collection":[{"href":"https:\/\/www.conceptflats.com\/it\/wp-json\/wp\/v2\/posts"}],"about":[{"href":"https:\/\/www.conceptflats.com\/it\/wp-json\/wp\/v2\/types\/post"}],"author":[{"embeddable":true,"href":"https:\/\/www.conceptflats.com\/it\/wp-json\/wp\/v2\/users\/1"}],"replies":[{"embeddable":true,"href":"https:\/\/www.conceptflats.com\/it\/wp-json\/wp\/v2\/comments?post=3875"}],"version-history":[{"count":1,"href":"https:\/\/www.conceptflats.com\/it\/wp-json\/wp\/v2\/posts\/3875\/revisions"}],"predecessor-version":[{"id":3876,"href":"https:\/\/www.conceptflats.com\/it\/wp-json\/wp\/v2\/posts\/3875\/revisions\/3876"}],"wp:featuredmedia":[{"embeddable":true,"href":"https:\/\/www.conceptflats.com\/it\/wp-json\/wp\/v2\/media\/3871"}],"wp:attachment":[{"href":"https:\/\/www.conceptflats.com\/it\/wp-json\/wp\/v2\/media?parent=3875"}],"wp:term":[{"taxonomy":"category","embeddable":true,"href":"https:\/\/www.conceptflats.com\/it\/wp-json\/wp\/v2\/categories?post=3875"},{"taxonomy":"post_tag","embeddable":true,"href":"https:\/\/www.conceptflats.com\/it\/wp-json\/wp\/v2\/tags?post=3875"}],"curies":[{"name":"wp","href":"https:\/\/api.w.org\/{rel}","templated":true}]}}