{"id":3025,"date":"2025-09-08T11:16:37","date_gmt":"2025-09-08T11:16:37","guid":{"rendered":"https:\/\/www.conceptflats.com\/blog\/maratona-di-valencia-vivi-lesperienza-che-mette-alla-prova-i-tuoi-limiti\/"},"modified":"2025-09-25T10:11:15","modified_gmt":"2025-09-25T10:11:15","slug":"maratona-di-valencia","status":"publish","type":"post","link":"https:\/\/www.conceptflats.com\/it\/blog\/maratona-di-valencia\/","title":{"rendered":"Maratona di Valencia: vivi l&#8217;esperienza che mette alla prova i tuoi limiti"},"content":{"rendered":"\n<p>Se il running \u00e8 la tua passione, ma hai anche bisogno di una piccola scusa per farti un viaggetto e mangiare paella senza rimorsi, sei nel posto giusto. <strong>La Maratona di Valencia \u00e8 quel punto del calendario che devi sottolineare con l&#8217;evidenziatore<\/strong> e mettere un adesivo dell&#8217;emoji del muscolo flesso.<\/p>\n\n<p>Perch\u00e9 dovresti scegliere Valencia? Perch\u00e9 l&#8217;atmosfera \u00e8 elettrizzante, il <strong>percorso \u00e8 pianeggiante<\/strong> e l&#8217;animazione popolare ti fa sentire protagonista anche se ti metti un costume da banana gigante. <\/p>\n\n<p>La maratona \u00e8 <strong>molto pi\u00f9 di 42 km<\/strong>, perch\u00e9 \u00e8 anche un festival di superamento, di selfie con sudore onorevole e quel momento epico di attraversare il traguardo sull&#8217;acqua nella Citt\u00e0 delle Arti e delle Scienze. Non dire che non ti abbiamo avvisato perch\u00e9 crea dipendenza e probabilmente finirai per cercare un&#8217;altra scusa per tornare l&#8217;anno prossimo.  <\/p>\n\n<h2 class=\"wp-block-heading\">Quando \u00e8 la Maratona di Valencia e come sar\u00e0 il suo percorso quest&#8217;anno<\/h2>\n\n<p>Segna <strong>domenica 7 dicembre<\/strong> sul calendario per non perdertela. E niente restare a casa a guardare serie, perch\u00e9 la partenza \u00e8 alle <strong>8:15 del mattino da Pla\u00e7a de la Marat\u00f3<\/strong>, seguita da 42.195 metri omologati che attraversano la citt\u00e0 e culminano con un finale epico sulla passerella d&#8217;acqua della Citt\u00e0 delle Arti e delle Scienze.  <\/p>\n\n<p>Il circuito \u00e8 cos\u00ec pianeggiante che nemmeno lo stesso ascensore del Miguelete oserebbe competere. Inoltre, Valencia a dicembre offre le migliori condizioni climatiche, poich\u00e9 la <strong>temperatura oscilla tra i 12\u00ba e i 17\u00baC<\/strong>, perfetto affinch\u00e9 la tua maglietta finisca zuppa ma il tuo sorriso intatto. <\/p>\n\n<figure class=\"wp-block-image size-large\"><img fetchpriority=\"high\" decoding=\"async\" width=\"1024\" height=\"564\" src=\"https:\/\/www.conceptflats.com\/wp-content\/uploads\/2025\/09\/Maraton-Valencia-2025-1024x564.jpg\" alt=\"\" class=\"wp-image-2932\" srcset=\"https:\/\/www.conceptflats.com\/wp-content\/uploads\/2025\/09\/Maraton-Valencia-2025-1024x564.jpg 1024w, https:\/\/www.conceptflats.com\/wp-content\/uploads\/2025\/09\/Maraton-Valencia-2025-300x165.jpg 300w, https:\/\/www.conceptflats.com\/wp-content\/uploads\/2025\/09\/Maraton-Valencia-2025-768x423.jpg 768w, https:\/\/www.conceptflats.com\/wp-content\/uploads\/2025\/09\/Maraton-Valencia-2025.jpg 1166w\" sizes=\"(max-width: 1024px) 100vw, 1024px\" \/><\/figure>\n\n<h2 class=\"wp-block-heading\">Come partecipare alla Maratona di Valencia: iscrizione e requisiti chiave<\/h2>\n\n<p>Se ti stuzzica l&#8217;idea di lasciare il segno a Valencia, le iscrizioni sono <strong>aperte dal 2 dicembre 2024<\/strong> fino a esaurimento dei 35 mila pettorali, quindi vai subito a iscriverti. Il processo \u00e8 online e molto semplice, l&#8217;unica cosa di cui devi assicurarti \u00e8 di avere il documento d&#8217;identit\u00e0 o il passaporto, la tua email e i dati di chi osa accompagnarti. <\/p>\n\n<p>I <strong>prezzi aumentano man mano che i pettorali si esauriscono<\/strong>. I primi pagano 80 euro, i successivi 120 euro, fino ad arrivare a 180 euro per i pi\u00f9 ritardatari. E 200 euro per chi si iscrive in lista d&#8217;attesa nel caso tu sia uno di quelli che si decide all&#8217;ultimo momento.  <\/p>\n\n<p>Nel caso in cui tu non abbia una licenza federativa, devi aggiungere <strong>5 euro in pi\u00f9 per la Licenza del Giorno<\/strong>.<\/p>\n\n<figure class=\"wp-block-image size-large\"><img decoding=\"async\" width=\"1024\" height=\"576\" src=\"https:\/\/www.conceptflats.com\/wp-content\/uploads\/2025\/09\/recorrido-Maraton-Valencia-1024x576.jpg\" alt=\"\" class=\"wp-image-2935\" srcset=\"https:\/\/www.conceptflats.com\/wp-content\/uploads\/2025\/09\/recorrido-Maraton-Valencia-1024x576.jpg 1024w, https:\/\/www.conceptflats.com\/wp-content\/uploads\/2025\/09\/recorrido-Maraton-Valencia-300x169.jpg 300w, https:\/\/www.conceptflats.com\/wp-content\/uploads\/2025\/09\/recorrido-Maraton-Valencia-768x432.jpg 768w, https:\/\/www.conceptflats.com\/wp-content\/uploads\/2025\/09\/recorrido-Maraton-Valencia.jpg 1254w\" sizes=\"(max-width: 1024px) 100vw, 1024px\" \/><\/figure>\n\n<h2 class=\"wp-block-heading\">Tutto sulla Mezza Maratona di Valencia: date, percorso e consigli<\/h2>\n\n<p>Non tutto \u00e8 maratona nella vita, anche se il postureo runner lo dice. La Mezza Maratona di Valencia \u00e8 un altro gioiello. Si celebra <strong>domenica 26 ottobre 2025<\/strong> e ha un circuito di 21.097 metri, cos\u00ec veloce che il tuo cronometro chieder\u00e0 piet\u00e0.   <\/p>\n\n<p>Il percorso <strong>inizia in Avenida dels Trongers<\/strong> e attraversa luoghi iconici come l&#8217;Alameda, Blasco Iba\u00f1ez e, ovviamente, sfiora il Mediterraneo affinch\u00e9 il corpo non dimentichi di essere nella terra del sole e dell&#8217;horchata.<\/p>\n\n<p>Il circuito \u00e8 cos\u00ec pianeggiante che <strong>salirai solo 13 metri nei primi 4 km<\/strong>, ma ti consigliamo comunque di curare il ritmo, di sfruttare i rettilinei e di puntare al tuo record personale. <\/p>\n\n<h2 class=\"wp-block-heading\">A che ora inizia la Maratona di Valencia e consigli logistici imprescindibili<\/h2>\n\n<p>L&#8217;ora di partenza \u00e8 alle <strong>8:15 del mattino<\/strong> e non vale la pena addormentarsi.<\/p>\n\n<p>Se hai cose che ti daranno fastidio per correre, non preoccuparti perch\u00e9 il <strong>guardaroba apre presto<\/strong> e l&#8217;accesso al recinto \u00e8 abbastanza semplice. Ti consigliamo anche di <strong>pianificare il tuo trasporto<\/strong> in metro, autobus o taxi, dato che Valencia lo rende facile, ma la citt\u00e0 sar\u00e0 movimentata, quindi \u00e8 meglio anticiparsi. <\/p>\n\n<p>Ricorda anche di non dimenticare il tuo <strong>pettorale con chip<\/strong>, perch\u00e9 senza di esso, quel giorno non sei nessuno.<\/p>\n\n<figure class=\"wp-block-image size-large\"><img decoding=\"async\" width=\"1024\" height=\"576\" src=\"https:\/\/www.conceptflats.com\/wp-content\/uploads\/2025\/09\/Maraton-de-Valencia-1024x576.jpg\" alt=\"\" class=\"wp-image-2938\" srcset=\"https:\/\/www.conceptflats.com\/wp-content\/uploads\/2025\/09\/Maraton-de-Valencia-1024x576.jpg 1024w, https:\/\/www.conceptflats.com\/wp-content\/uploads\/2025\/09\/Maraton-de-Valencia-300x169.jpg 300w, https:\/\/www.conceptflats.com\/wp-content\/uploads\/2025\/09\/Maraton-de-Valencia-768x432.jpg 768w, https:\/\/www.conceptflats.com\/wp-content\/uploads\/2025\/09\/Maraton-de-Valencia.jpg 1254w\" sizes=\"(max-width: 1024px) 100vw, 1024px\" \/><\/figure>\n\n<h2 class=\"wp-block-heading\">Dove alloggiare a Valencia e cosa fare durante il fine settimana della maratona<\/h2>\n\n<p>Valencia \u00e8 una citt\u00e0 vibrante, piena di <strong>opzioni per tutti i gusti e budget<\/strong>. Gli appartamenti Concept Flats sono la manna dal cielo per i runner, dato che sono ben posizionati, comodi e hanno la flessibilit\u00e0 di cui hai bisogno per la colazione dei campioni e il massaggio post-gara.  <\/p>\n\n<p>Certo, <strong>prenota in tempo<\/strong>, perch\u00e9 nel fine settimana della maratona tutti vogliono essere vicino al centro e al percorso.<\/p>\n\n<p>Tra una corsa e l&#8217;altra puoi esplorare la Citt\u00e0 delle Arti e delle Scienze, fare una <strong>passeggiata nel Giardino del Turia<\/strong>, curiosare nel Mercato Centrale o <strong>sdraiarti sulla Malvarrosa a pensare<\/strong>. E se hai energia, Valencia si riempie di eventi, musical, mostre e terrazze con atmosfera maratoniana; perch\u00e9 non tutto \u00e8 correre, bisogna anche festeggiare! <\/p>\n\n<h2 class=\"wp-block-heading\">Perch\u00e9 non puoi perderti la Maratona di Valencia quest&#8217;anno?<\/h2>\n\n<p>La Maratona di Valencia \u00e8 pi\u00f9 di una corsa<strong>, \u00e8 un festival di sport, superamento e vita<\/strong>. Qui si respira allegria, intensit\u00e0 e molta buona energia. Il circuito \u00e8 perfetto, l&#8217;ambiente ineguagliabile e, chiss\u00e0, potresti ottenere il tuo miglior tempo personale.  <\/p>\n\n<p>Se cerchi un&#8217;esperienza completa con un alloggio top e inoltre approfittare del fine settimana per esplorare Valencia, Concept Flats ti toglie problemi logistici e ti mette la citt\u00e0 a portata di mano. <strong>Contattaci per prenotare il tuo appartamento a Valencia<\/strong> e vivi la maratona a un altro livello. <\/p>\n","protected":false},"excerpt":{"rendered":"<p>Se il running \u00e8 la tua passione, ma hai anche bisogno di una piccola scusa per farti un viaggetto e mangiare paella senza rimorsi, sei nel posto giusto. La Maratona di Valencia \u00e8 quel punto del calendario che devi sottolineare con l&#8217;evidenziatore e mettere un adesivo dell&#8217;emoji del muscolo flesso. Perch\u00e9 dovresti scegliere Valencia? Perch\u00e9 [&hellip;]<\/p>\n","protected":false},"author":2,"featured_media":2943,"comment_status":"closed","ping_status":"closed","sticky":false,"template":"","format":"standard","meta":{"_joinchat":[],"footnotes":""},"categories":[49],"tags":[],"class_list":["post-3025","post","type-post","status-publish","format-standard","has-post-thumbnail","hentry","category-eventi-valencia"],"yoast_head":"<!-- This site is optimized with the Yoast SEO plugin v27.5 - https:\/\/yoast.com\/product\/yoast-seo-wordpress\/ -->\n<title>Maratona di Valencia - Concept Flats Valencia<\/title>\n<meta name=\"description\" content=\"Corri la Maratona di Valencia e vivi l&#039;atmosfera sportiva in una citt\u00e0 vibrante. Vivi l&#039;emozione di Valencia nel 2025.\" \/>\n<meta name=\"robots\" content=\"index, follow, max-snippet:-1, max-image-preview:large, max-video-preview:-1\" \/>\n<link rel=\"canonical\" href=\"https:\/\/www.conceptflats.com\/it\/blog\/maratona-di-valencia\/\" \/>\n<meta property=\"og:locale\" content=\"it_IT\" \/>\n<meta property=\"og:type\" content=\"article\" \/>\n<meta property=\"og:title\" content=\"Maratona di Valencia - Concept Flats Valencia\" \/>\n<meta property=\"og:description\" content=\"Corri la Maratona di Valencia e vivi l&#039;atmosfera sportiva in una citt\u00e0 vibrante. Vivi l&#039;emozione di Valencia nel 2025.\" \/>\n<meta property=\"og:url\" content=\"https:\/\/www.conceptflats.com\/it\/blog\/maratona-di-valencia\/\" \/>\n<meta property=\"og:site_name\" content=\"Concept Flats Valencia\" \/>\n<meta property=\"article:published_time\" content=\"2025-09-08T11:16:37+00:00\" \/>\n<meta property=\"article:modified_time\" content=\"2025-09-25T10:11:15+00:00\" \/>\n<meta property=\"og:image\" content=\"https:\/\/www.conceptflats.com\/wp-content\/uploads\/2025\/09\/Maraton-Valencia.jpg\" \/>\n\t<meta property=\"og:image:width\" content=\"1183\" \/>\n\t<meta property=\"og:image:height\" content=\"665\" \/>\n\t<meta property=\"og:image:type\" content=\"image\/jpeg\" \/>\n<meta name=\"author\" content=\"Axel\" \/>\n<meta name=\"twitter:card\" content=\"summary_large_image\" \/>\n<meta name=\"twitter:label1\" content=\"Scritto da\" \/>\n\t<meta name=\"twitter:data1\" content=\"Axel\" \/>\n\t<meta name=\"twitter:label2\" content=\"Tempo di lettura stimato\" \/>\n\t<meta name=\"twitter:data2\" content=\"4 minuti\" \/>\n<script type=\"application\/ld+json\" class=\"yoast-schema-graph\">{\"@context\":\"https:\\\/\\\/schema.org\",\"@graph\":[{\"@type\":\"Article\",\"@id\":\"https:\\\/\\\/www.conceptflats.com\\\/it\\\/blog\\\/maratona-di-valencia\\\/#article\",\"isPartOf\":{\"@id\":\"https:\\\/\\\/www.conceptflats.com\\\/it\\\/blog\\\/maratona-di-valencia\\\/\"},\"author\":{\"name\":\"Axel\",\"@id\":\"https:\\\/\\\/www.conceptflats.com\\\/it\\\/#\\\/schema\\\/person\\\/65fe4a0482e82c9f61451388eebd34c1\"},\"headline\":\"Maratona di Valencia: vivi l&#8217;esperienza che mette alla prova i tuoi limiti\",\"datePublished\":\"2025-09-08T11:16:37+00:00\",\"dateModified\":\"2025-09-25T10:11:15+00:00\",\"mainEntityOfPage\":{\"@id\":\"https:\\\/\\\/www.conceptflats.com\\\/it\\\/blog\\\/maratona-di-valencia\\\/\"},\"wordCount\":837,\"publisher\":{\"@id\":\"https:\\\/\\\/www.conceptflats.com\\\/it\\\/#organization\"},\"image\":{\"@id\":\"https:\\\/\\\/www.conceptflats.com\\\/it\\\/blog\\\/maratona-di-valencia\\\/#primaryimage\"},\"thumbnailUrl\":\"https:\\\/\\\/www.conceptflats.com\\\/wp-content\\\/uploads\\\/2025\\\/09\\\/Maraton-Valencia.jpg\",\"articleSection\":[\"Eventi\"],\"inLanguage\":\"it-IT\"},{\"@type\":\"WebPage\",\"@id\":\"https:\\\/\\\/www.conceptflats.com\\\/it\\\/blog\\\/maratona-di-valencia\\\/\",\"url\":\"https:\\\/\\\/www.conceptflats.com\\\/it\\\/blog\\\/maratona-di-valencia\\\/\",\"name\":\"Maratona di Valencia - Concept Flats Valencia\",\"isPartOf\":{\"@id\":\"https:\\\/\\\/www.conceptflats.com\\\/it\\\/#website\"},\"primaryImageOfPage\":{\"@id\":\"https:\\\/\\\/www.conceptflats.com\\\/it\\\/blog\\\/maratona-di-valencia\\\/#primaryimage\"},\"image\":{\"@id\":\"https:\\\/\\\/www.conceptflats.com\\\/it\\\/blog\\\/maratona-di-valencia\\\/#primaryimage\"},\"thumbnailUrl\":\"https:\\\/\\\/www.conceptflats.com\\\/wp-content\\\/uploads\\\/2025\\\/09\\\/Maraton-Valencia.jpg\",\"datePublished\":\"2025-09-08T11:16:37+00:00\",\"dateModified\":\"2025-09-25T10:11:15+00:00\",\"description\":\"Corri la Maratona di Valencia e vivi l'atmosfera sportiva in una citt\u00e0 vibrante. Vivi l'emozione di Valencia nel 2025.\",\"breadcrumb\":{\"@id\":\"https:\\\/\\\/www.conceptflats.com\\\/it\\\/blog\\\/maratona-di-valencia\\\/#breadcrumb\"},\"inLanguage\":\"it-IT\",\"potentialAction\":[{\"@type\":\"ReadAction\",\"target\":[\"https:\\\/\\\/www.conceptflats.com\\\/it\\\/blog\\\/maratona-di-valencia\\\/\"]}]},{\"@type\":\"ImageObject\",\"inLanguage\":\"it-IT\",\"@id\":\"https:\\\/\\\/www.conceptflats.com\\\/it\\\/blog\\\/maratona-di-valencia\\\/#primaryimage\",\"url\":\"https:\\\/\\\/www.conceptflats.com\\\/wp-content\\\/uploads\\\/2025\\\/09\\\/Maraton-Valencia.jpg\",\"contentUrl\":\"https:\\\/\\\/www.conceptflats.com\\\/wp-content\\\/uploads\\\/2025\\\/09\\\/Maraton-Valencia.jpg\",\"width\":1183,\"height\":665,\"caption\":\"Valencia, Spain - December 1, 2024: Crowd waiting for runners to pass by to cheer them up during the Trinidad Alfonso race. This is an annual marathon road running event hosted by the city since 1981.\"},{\"@type\":\"BreadcrumbList\",\"@id\":\"https:\\\/\\\/www.conceptflats.com\\\/it\\\/blog\\\/maratona-di-valencia\\\/#breadcrumb\",\"itemListElement\":[{\"@type\":\"ListItem\",\"position\":1,\"name\":\"Home\",\"item\":\"https:\\\/\\\/www.conceptflats.com\\\/it\\\/\"},{\"@type\":\"ListItem\",\"position\":2,\"name\":\"Maratona di Valencia: vivi l&#8217;esperienza che mette alla prova i tuoi limiti\"}]},{\"@type\":\"WebSite\",\"@id\":\"https:\\\/\\\/www.conceptflats.com\\\/it\\\/#website\",\"url\":\"https:\\\/\\\/www.conceptflats.com\\\/it\\\/\",\"name\":\"Concept Flats Valencia\",\"description\":\"\",\"publisher\":{\"@id\":\"https:\\\/\\\/www.conceptflats.com\\\/it\\\/#organization\"},\"potentialAction\":[{\"@type\":\"SearchAction\",\"target\":{\"@type\":\"EntryPoint\",\"urlTemplate\":\"https:\\\/\\\/www.conceptflats.com\\\/it\\\/?s={search_term_string}\"},\"query-input\":{\"@type\":\"PropertyValueSpecification\",\"valueRequired\":true,\"valueName\":\"search_term_string\"}}],\"inLanguage\":\"it-IT\"},{\"@type\":\"Organization\",\"@id\":\"https:\\\/\\\/www.conceptflats.com\\\/it\\\/#organization\",\"name\":\"Concept Flats Valencia\",\"url\":\"https:\\\/\\\/www.conceptflats.com\\\/it\\\/\",\"logo\":{\"@type\":\"ImageObject\",\"inLanguage\":\"it-IT\",\"@id\":\"https:\\\/\\\/www.conceptflats.com\\\/it\\\/#\\\/schema\\\/logo\\\/image\\\/\",\"url\":\"https:\\\/\\\/www.conceptflats.com\\\/wp-content\\\/uploads\\\/2025\\\/02\\\/Concept-Flats.png\",\"contentUrl\":\"https:\\\/\\\/www.conceptflats.com\\\/wp-content\\\/uploads\\\/2025\\\/02\\\/Concept-Flats.png\",\"width\":400,\"height\":121,\"caption\":\"Concept Flats Valencia\"},\"image\":{\"@id\":\"https:\\\/\\\/www.conceptflats.com\\\/it\\\/#\\\/schema\\\/logo\\\/image\\\/\"}},{\"@type\":\"Person\",\"@id\":\"https:\\\/\\\/www.conceptflats.com\\\/it\\\/#\\\/schema\\\/person\\\/65fe4a0482e82c9f61451388eebd34c1\",\"name\":\"Axel\",\"image\":{\"@type\":\"ImageObject\",\"inLanguage\":\"it-IT\",\"@id\":\"https:\\\/\\\/secure.gravatar.com\\\/avatar\\\/3bd706736e5b70f21f05f6c2d5cad746767782a4ba4b7df399c5969e2a9318fd?s=96&d=mm&r=g\",\"url\":\"https:\\\/\\\/secure.gravatar.com\\\/avatar\\\/3bd706736e5b70f21f05f6c2d5cad746767782a4ba4b7df399c5969e2a9318fd?s=96&d=mm&r=g\",\"contentUrl\":\"https:\\\/\\\/secure.gravatar.com\\\/avatar\\\/3bd706736e5b70f21f05f6c2d5cad746767782a4ba4b7df399c5969e2a9318fd?s=96&d=mm&r=g\",\"caption\":\"Axel\"},\"url\":\"https:\\\/\\\/www.conceptflats.com\\\/it\\\/blog\\\/author\\\/axel\\\/\"}]}<\/script>\n<!-- \/ Yoast SEO plugin. -->","yoast_head_json":{"title":"Maratona di Valencia - Concept Flats Valencia","description":"Corri la Maratona di Valencia e vivi l'atmosfera sportiva in una citt\u00e0 vibrante. Vivi l'emozione di Valencia nel 2025.","robots":{"index":"index","follow":"follow","max-snippet":"max-snippet:-1","max-image-preview":"max-image-preview:large","max-video-preview":"max-video-preview:-1"},"canonical":"https:\/\/www.conceptflats.com\/it\/blog\/maratona-di-valencia\/","og_locale":"it_IT","og_type":"article","og_title":"Maratona di Valencia - Concept Flats Valencia","og_description":"Corri la Maratona di Valencia e vivi l'atmosfera sportiva in una citt\u00e0 vibrante. Vivi l'emozione di Valencia nel 2025.","og_url":"https:\/\/www.conceptflats.com\/it\/blog\/maratona-di-valencia\/","og_site_name":"Concept Flats Valencia","article_published_time":"2025-09-08T11:16:37+00:00","article_modified_time":"2025-09-25T10:11:15+00:00","og_image":[{"width":1183,"height":665,"url":"https:\/\/www.conceptflats.com\/wp-content\/uploads\/2025\/09\/Maraton-Valencia.jpg","type":"image\/jpeg"}],"author":"Axel","twitter_card":"summary_large_image","twitter_misc":{"Scritto da":"Axel","Tempo di lettura stimato":"4 minuti"},"schema":{"@context":"https:\/\/schema.org","@graph":[{"@type":"Article","@id":"https:\/\/www.conceptflats.com\/it\/blog\/maratona-di-valencia\/#article","isPartOf":{"@id":"https:\/\/www.conceptflats.com\/it\/blog\/maratona-di-valencia\/"},"author":{"name":"Axel","@id":"https:\/\/www.conceptflats.com\/it\/#\/schema\/person\/65fe4a0482e82c9f61451388eebd34c1"},"headline":"Maratona di Valencia: vivi l&#8217;esperienza che mette alla prova i tuoi limiti","datePublished":"2025-09-08T11:16:37+00:00","dateModified":"2025-09-25T10:11:15+00:00","mainEntityOfPage":{"@id":"https:\/\/www.conceptflats.com\/it\/blog\/maratona-di-valencia\/"},"wordCount":837,"publisher":{"@id":"https:\/\/www.conceptflats.com\/it\/#organization"},"image":{"@id":"https:\/\/www.conceptflats.com\/it\/blog\/maratona-di-valencia\/#primaryimage"},"thumbnailUrl":"https:\/\/www.conceptflats.com\/wp-content\/uploads\/2025\/09\/Maraton-Valencia.jpg","articleSection":["Eventi"],"inLanguage":"it-IT"},{"@type":"WebPage","@id":"https:\/\/www.conceptflats.com\/it\/blog\/maratona-di-valencia\/","url":"https:\/\/www.conceptflats.com\/it\/blog\/maratona-di-valencia\/","name":"Maratona di Valencia - Concept Flats Valencia","isPartOf":{"@id":"https:\/\/www.conceptflats.com\/it\/#website"},"primaryImageOfPage":{"@id":"https:\/\/www.conceptflats.com\/it\/blog\/maratona-di-valencia\/#primaryimage"},"image":{"@id":"https:\/\/www.conceptflats.com\/it\/blog\/maratona-di-valencia\/#primaryimage"},"thumbnailUrl":"https:\/\/www.conceptflats.com\/wp-content\/uploads\/2025\/09\/Maraton-Valencia.jpg","datePublished":"2025-09-08T11:16:37+00:00","dateModified":"2025-09-25T10:11:15+00:00","description":"Corri la Maratona di Valencia e vivi l'atmosfera sportiva in una citt\u00e0 vibrante. Vivi l'emozione di Valencia nel 2025.","breadcrumb":{"@id":"https:\/\/www.conceptflats.com\/it\/blog\/maratona-di-valencia\/#breadcrumb"},"inLanguage":"it-IT","potentialAction":[{"@type":"ReadAction","target":["https:\/\/www.conceptflats.com\/it\/blog\/maratona-di-valencia\/"]}]},{"@type":"ImageObject","inLanguage":"it-IT","@id":"https:\/\/www.conceptflats.com\/it\/blog\/maratona-di-valencia\/#primaryimage","url":"https:\/\/www.conceptflats.com\/wp-content\/uploads\/2025\/09\/Maraton-Valencia.jpg","contentUrl":"https:\/\/www.conceptflats.com\/wp-content\/uploads\/2025\/09\/Maraton-Valencia.jpg","width":1183,"height":665,"caption":"Valencia, Spain - December 1, 2024: Crowd waiting for runners to pass by to cheer them up during the Trinidad Alfonso race. This is an annual marathon road running event hosted by the city since 1981."},{"@type":"BreadcrumbList","@id":"https:\/\/www.conceptflats.com\/it\/blog\/maratona-di-valencia\/#breadcrumb","itemListElement":[{"@type":"ListItem","position":1,"name":"Home","item":"https:\/\/www.conceptflats.com\/it\/"},{"@type":"ListItem","position":2,"name":"Maratona di Valencia: vivi l&#8217;esperienza che mette alla prova i tuoi limiti"}]},{"@type":"WebSite","@id":"https:\/\/www.conceptflats.com\/it\/#website","url":"https:\/\/www.conceptflats.com\/it\/","name":"Concept Flats Valencia","description":"","publisher":{"@id":"https:\/\/www.conceptflats.com\/it\/#organization"},"potentialAction":[{"@type":"SearchAction","target":{"@type":"EntryPoint","urlTemplate":"https:\/\/www.conceptflats.com\/it\/?s={search_term_string}"},"query-input":{"@type":"PropertyValueSpecification","valueRequired":true,"valueName":"search_term_string"}}],"inLanguage":"it-IT"},{"@type":"Organization","@id":"https:\/\/www.conceptflats.com\/it\/#organization","name":"Concept Flats Valencia","url":"https:\/\/www.conceptflats.com\/it\/","logo":{"@type":"ImageObject","inLanguage":"it-IT","@id":"https:\/\/www.conceptflats.com\/it\/#\/schema\/logo\/image\/","url":"https:\/\/www.conceptflats.com\/wp-content\/uploads\/2025\/02\/Concept-Flats.png","contentUrl":"https:\/\/www.conceptflats.com\/wp-content\/uploads\/2025\/02\/Concept-Flats.png","width":400,"height":121,"caption":"Concept Flats Valencia"},"image":{"@id":"https:\/\/www.conceptflats.com\/it\/#\/schema\/logo\/image\/"}},{"@type":"Person","@id":"https:\/\/www.conceptflats.com\/it\/#\/schema\/person\/65fe4a0482e82c9f61451388eebd34c1","name":"Axel","image":{"@type":"ImageObject","inLanguage":"it-IT","@id":"https:\/\/secure.gravatar.com\/avatar\/3bd706736e5b70f21f05f6c2d5cad746767782a4ba4b7df399c5969e2a9318fd?s=96&d=mm&r=g","url":"https:\/\/secure.gravatar.com\/avatar\/3bd706736e5b70f21f05f6c2d5cad746767782a4ba4b7df399c5969e2a9318fd?s=96&d=mm&r=g","contentUrl":"https:\/\/secure.gravatar.com\/avatar\/3bd706736e5b70f21f05f6c2d5cad746767782a4ba4b7df399c5969e2a9318fd?s=96&d=mm&r=g","caption":"Axel"},"url":"https:\/\/www.conceptflats.com\/it\/blog\/author\/axel\/"}]}},"_links":{"self":[{"href":"https:\/\/www.conceptflats.com\/it\/wp-json\/wp\/v2\/posts\/3025","targetHints":{"allow":["GET"]}}],"collection":[{"href":"https:\/\/www.conceptflats.com\/it\/wp-json\/wp\/v2\/posts"}],"about":[{"href":"https:\/\/www.conceptflats.com\/it\/wp-json\/wp\/v2\/types\/post"}],"author":[{"embeddable":true,"href":"https:\/\/www.conceptflats.com\/it\/wp-json\/wp\/v2\/users\/2"}],"replies":[{"embeddable":true,"href":"https:\/\/www.conceptflats.com\/it\/wp-json\/wp\/v2\/comments?post=3025"}],"version-history":[{"count":1,"href":"https:\/\/www.conceptflats.com\/it\/wp-json\/wp\/v2\/posts\/3025\/revisions"}],"predecessor-version":[{"id":3026,"href":"https:\/\/www.conceptflats.com\/it\/wp-json\/wp\/v2\/posts\/3025\/revisions\/3026"}],"wp:featuredmedia":[{"embeddable":true,"href":"https:\/\/www.conceptflats.com\/it\/wp-json\/wp\/v2\/media\/2943"}],"wp:attachment":[{"href":"https:\/\/www.conceptflats.com\/it\/wp-json\/wp\/v2\/media?parent=3025"}],"wp:term":[{"taxonomy":"category","embeddable":true,"href":"https:\/\/www.conceptflats.com\/it\/wp-json\/wp\/v2\/categories?post=3025"},{"taxonomy":"post_tag","embeddable":true,"href":"https:\/\/www.conceptflats.com\/it\/wp-json\/wp\/v2\/tags?post=3025"}],"curies":[{"name":"wp","href":"https:\/\/api.w.org\/{rel}","templated":true}]}}