{"id":2916,"date":"2025-08-22T09:49:48","date_gmt":"2025-08-22T09:49:48","guid":{"rendered":"https:\/\/www.conceptflats.com\/blog\/vuoi-visitare-valencia-in-autunno-scopri-tutto-quello-che-puoi-fare-in-questo-periodo-dellanno\/"},"modified":"2025-09-03T10:04:24","modified_gmt":"2025-09-03T10:04:24","slug":"valencia-in-autunno","status":"publish","type":"post","link":"https:\/\/www.conceptflats.com\/it\/blog\/valencia-in-autunno\/","title":{"rendered":"Vuoi visitare Valencia in autunno? Scopri tutto quello che puoi fare in questo periodo dell&#8217;anno"},"content":{"rendered":"\n<p>Se stai pensando di viaggiare a Valencia in autunno, continua a leggere perch\u00e9 oggi scoprirai uno dei periodi migliori per conoscere questa citt\u00e0 mediterranea. Con un clima mite, paesaggi che cambiano colore e un vivace programma culturale, <strong>l&#8217;autunno di Valencia ti regaler\u00e0 esperienze che ricorderai per sempre<\/strong>. Andiamo a vederle!  <\/p>\n\n<h2 class=\"wp-block-heading\">Com&#8217;\u00e8 il clima in autunno a Valencia? Ne vale la pena? <\/h2>\n\n<p>L&#8217;<strong>autunno a Valencia<\/strong> ha un fascino speciale. Mentre in altre parti della Spagna si tirano fuori i giubbotti pesanti, qui i termometri continuano a fare di testa loro: massime intorno ai 23 \u00b0C e minime miti di circa 13 \u00b0C. Ottobre pu\u00f2 sorprenderti con qualche giornata pi\u00f9 calda e notti pi\u00f9 fresche, ma niente che non si risolva con una giacca leggera.  <\/p>\n\n<p>Le piogge sono scarse (anche se pu\u00f2 cadere qualche acquazzone traditore) e la <strong>brezza mediterranea<\/strong> mantiene quell&#8217;atmosfera perfetta per passeggiare in riva al mare. Per questo, l&#8217;autunno valenciano \u00e8 la scusa ideale per fare turismo attivo, perderti per la citt\u00e0 senza il caldo soffocante dell&#8217;estate\u2026 e persino continuare a goderti la spiaggia a tratti. <\/p>\n\n<figure class=\"wp-block-image size-large\"><img fetchpriority=\"high\" decoding=\"async\" width=\"1024\" height=\"576\" src=\"https:\/\/www.conceptflats.com\/wp-content\/uploads\/2025\/08\/el-tiempo-valencia-otono-1024x576.jpg\" alt=\"\" class=\"wp-image-2900\" srcset=\"https:\/\/www.conceptflats.com\/wp-content\/uploads\/2025\/08\/el-tiempo-valencia-otono-1024x576.jpg 1024w, https:\/\/www.conceptflats.com\/wp-content\/uploads\/2025\/08\/el-tiempo-valencia-otono-300x169.jpg 300w, https:\/\/www.conceptflats.com\/wp-content\/uploads\/2025\/08\/el-tiempo-valencia-otono-768x432.jpg 768w, https:\/\/www.conceptflats.com\/wp-content\/uploads\/2025\/08\/el-tiempo-valencia-otono.jpg 1253w\" sizes=\"(max-width: 1024px) 100vw, 1024px\" \/><\/figure>\n\n<h2 class=\"wp-block-heading\">Non perderti i migliori percorsi di trekking e natura per l&#8217;autunno<\/h2>\n\n<p>L&#8217;autunno non cambia solo l&#8217;ambiente a Valencia, <strong>trasforma anche la sua natura<\/strong>. I paesaggi si vestono di verde, giallo e arancione, e ogni percorso diventa un piano perfetto per resettare corpo e mente. <\/p>\n\n<p>L&#8217;<strong>Albufera<\/strong> \u00e8 una tappa obbligatoria. In questo periodo, la sua fauna e flora sono in piena esplosione e i tramonti sul lago sono pura magia. Puoi combinare un giro in barca tradizionale con sentieri tra risaie e pinete.  <\/p>\n\n<p>Se ti piace la montagna, il <strong>Parco Naturale della Sierra Calderona<\/strong> (a nord-est di Valencia) \u00e8 perfetto per perdersi tra boschi di querce da sughero, querce e pini. Il clima temperato rende piacevole camminare e le viste panoramiche sulla costa e l&#8217;entroterra meritano ogni passo. <\/p>\n\n<p>Preferisci qualcosa di pi\u00f9 rilassante? La <strong>Ruta del Agua a Chelva<\/strong> ti porter\u00e0 tra fontane, antichi acquedotti e paesaggi dove il mormorio dell&#8217;acqua si mescola con i colori dell&#8217;autunno. Facile, accessibile e con molto fascino.  <\/p>\n\n<p>E a sud, la <strong>Devesa del Saler<\/strong> ti aspetta con le sue pinete in riva al mare. Percorsi semplici a piedi o in bici, circondati da dune e vegetazione autoctona, per combinare mare e bosco in un&#8217;unica esperienza. <\/p>\n\n<h2 class=\"wp-block-heading\">Segna questi incredibili piani culturali in citt\u00e0<\/h2>\n\n<p>L&#8217;autunno <strong>segna l&#8217;inizio di un grande programma culturale a Valencia<\/strong>. La citt\u00e0 si riempie di proposte per tutti i gusti e molte di esse si godono meglio in questo periodo con un clima pi\u00f9 mite e con meno affollamento. <\/p>\n\n<p>Questo periodo \u00e8 ideale per visitare i musei della citt\u00e0 come il <strong>Museo di Belle Arti<\/strong>, l&#8217;<strong>Instituto Valenciano de Arte Moderno<\/strong> o il <strong>Museo delle Scienze Pr\u00edncipe Felipe<\/strong>, poich\u00e9 l&#8217;affluenza di persone \u00e8 minore e potrai godere meglio dell&#8217;offerta.<\/p>\n\n<p>Se ti piace la musica o il teatro, questa \u00e8 la stagione perfetta per viaggiare a Valencia. In questi mesi si celebra il <strong>Festival del Jazz<\/strong>, il <strong>Festival Internazionale del Cinema di Valencia<\/strong> o la <strong>Mostra Viva del Mediterrani<\/strong>. Inoltre, inizia la <strong>stagione di concerti e opera<\/strong> per godere di esperienze uniche al Palau de la M\u00fasica o al Palau de les Arts.  <\/p>\n\n<p>Un&#8217;altra delle opzioni di cui puoi godere sono le <strong>visite guidate per il centro storico<\/strong>, con percorsi che scoprono i segreti pi\u00f9 nascosti della Lonja, della Cattedrale e dei quartieri pi\u00f9 emblematici.<\/p>\n\n<figure class=\"wp-block-image size-large\"><img decoding=\"async\" width=\"1024\" height=\"576\" src=\"https:\/\/www.conceptflats.com\/wp-content\/uploads\/2025\/08\/visita-valencia-en-otono-1024x576.jpg\" alt=\"\" class=\"wp-image-2903\" srcset=\"https:\/\/www.conceptflats.com\/wp-content\/uploads\/2025\/08\/visita-valencia-en-otono-1024x576.jpg 1024w, https:\/\/www.conceptflats.com\/wp-content\/uploads\/2025\/08\/visita-valencia-en-otono-300x169.jpg 300w, https:\/\/www.conceptflats.com\/wp-content\/uploads\/2025\/08\/visita-valencia-en-otono-768x432.jpg 768w, https:\/\/www.conceptflats.com\/wp-content\/uploads\/2025\/08\/visita-valencia-en-otono.jpg 1254w\" sizes=\"(max-width: 1024px) 100vw, 1024px\" \/><\/figure>\n\n<h2 class=\"wp-block-heading\">La gastronomia tipica d&#8217;autunno a Valencia che non puoi perderti<\/h2>\n\n<p>L&#8217;autunno a Valencia non si vive solo nelle sue strade e nei suoi paesaggi, ma si assapora anche. \u00c8 la stagione dei <strong>piatti al cucchiaio<\/strong> e dei prodotti di stagione che confortano corpo e anima. <\/p>\n\n<p>Se c&#8217;\u00e8 un piatto imperdibile \u00e8 l&#8217;<strong>All i pebre<\/strong>, uno stufato tradizionale dell&#8217;Albufera fatto con anguilla e patate che sa di pura radice valenciana. E gi\u00e0 che ci sei, fai un giro per un mercatino: l\u00ec troverai <strong>patate dolci, castagne e zucche arrosto<\/strong> che profumano d&#8217;autunno da lontano. <\/p>\n\n<p>I pomeriggi si addolciscono con due classici imbattibili: i <strong>bomboloni di zucca<\/strong> (appena fritti, ovviamente) e una buona <strong>orzata calda<\/strong> per accompagnare.<\/p>\n\n<p>E come non poteva essere altrimenti, i <strong>risi di stagione<\/strong> si uniscono alla festa: brodosi con funghi, coniglio o anche cacciagione. Piatti che, al di l\u00e0 della paella, ti faranno ricordare perch\u00e9 la cucina valenciana \u00e8 pura tradizione con sapore di stagione. <\/p>\n\n<h2 class=\"wp-block-heading\">Quando inizia l&#8217;autunno e cosa aspettarsi da questo periodo?<\/h2>\n\n<p>L&#8217;autunno a Valencia inizia intorno al 22 o 23 settembre e si estende fino al 21 dicembre, come nel resto dei luoghi dell&#8217;emisfero settentrionale. In queste date, le <strong>giornate sono pi\u00f9 corte<\/strong>, le foglie degli alberi cadono e la citt\u00e0 recupera un ritmo molto pi\u00f9 tranquillo dopo il trambusto dell&#8217;estate. <\/p>\n\n<p>Il turismo diminuisce leggermente rispetto all&#8217;estate, il che significa che puoi <strong>goderti monumenti e musei senza gli affollamenti<\/strong> abituali dei mesi estivi. Inoltre, le temperature gradevoli permettono di continuare con la vita nelle terrazze, le attivit\u00e0 all&#8217;aria aperta e le passeggiate in riva al mare. <\/p>\n\n<p>Nei mesi autunnali a Valencia, ti aspetta una citt\u00e0 vibrante ma tranquilla che ti permetter\u00e0 di goderti i mercati locali, contemplare i colori del Turia dai suoi giardini o partecipare alla sua offerta culturale, senza essere sopraffatto tra le migliaia di turisti dell&#8217;estate.<\/p>\n\n<figure class=\"wp-block-image size-large\"><img decoding=\"async\" width=\"1024\" height=\"576\" src=\"https:\/\/www.conceptflats.com\/wp-content\/uploads\/2025\/08\/Valencia-en-otono-1024x576.jpg\" alt=\"\" class=\"wp-image-2906\" srcset=\"https:\/\/www.conceptflats.com\/wp-content\/uploads\/2025\/08\/Valencia-en-otono-1024x576.jpg 1024w, https:\/\/www.conceptflats.com\/wp-content\/uploads\/2025\/08\/Valencia-en-otono-300x169.jpg 300w, https:\/\/www.conceptflats.com\/wp-content\/uploads\/2025\/08\/Valencia-en-otono-768x432.jpg 768w, https:\/\/www.conceptflats.com\/wp-content\/uploads\/2025\/08\/Valencia-en-otono.jpg 1253w\" sizes=\"(max-width: 1024px) 100vw, 1024px\" \/><\/figure>\n\n<h2 class=\"wp-block-heading\">Perch\u00e9 visitare Valencia in autunno \u00e8 la migliore idea che tu possa avere<\/h2>\n\n<p>Visitare Valencia in autunno \u00e8 sinonimo di <strong>godere di una citt\u00e0 viva, luminosa e con un fascino proprio<\/strong>. Questa stagione offre l&#8217;equilibrio perfetto tra buon clima, attivit\u00e0 varie e un&#8217;atmosfera rilassata. Sia che tu cerchi percorsi autunnali o Valencia per connetterti con la natura, voglia immergerti nella sua cultura o preferisca assaporare la gastronomia pi\u00f9 autentica.  <\/p>\n\n<p>L&#8217;autunno \u00e8 perfetto per scoprire il <strong>lato pi\u00f9 genuino della citt\u00e0<\/strong>, goderti le passeggiate sulla spiaggia senza affollamenti, fare percorsi attraverso paesaggi da cartolina con colori autunnali e partecipare agli eventi culturali in ogni angolo della citt\u00e0.<\/p>\n\n<p>Se ti stanno ancora chiedendo cosa ti offre Valencia, perch\u00e9 non vieni tu stesso a scoprirlo?<\/p>\n","protected":false},"excerpt":{"rendered":"<p>Se stai pensando di viaggiare a Valencia in autunno, continua a leggere perch\u00e9 oggi scoprirai uno dei periodi migliori per conoscere questa citt\u00e0 mediterranea. Con un clima mite, paesaggi che cambiano colore e un vivace programma culturale, l&#8217;autunno di Valencia ti regaler\u00e0 esperienze che ricorderai per sempre. Andiamo a vederle! Com&#8217;\u00e8 il clima in autunno [&hellip;]<\/p>\n","protected":false},"author":2,"featured_media":2912,"comment_status":"closed","ping_status":"closed","sticky":false,"template":"","format":"standard","meta":{"_joinchat":[],"footnotes":""},"categories":[68],"tags":[],"class_list":["post-2916","post","type-post","status-publish","format-standard","has-post-thumbnail","hentry","category-cosa-fare-a-valencia"],"yoast_head":"<!-- This site is optimized with the Yoast SEO plugin v27.5 - https:\/\/yoast.com\/product\/yoast-seo-wordpress\/ -->\n<title>Visita Valencia in autunno - Concept Flats Valencia<\/title>\n<meta name=\"description\" content=\"Scopri Valencia in autunno e lasciati stupire dalla sua luce, cultura e sapori.\" \/>\n<meta name=\"robots\" content=\"index, follow, max-snippet:-1, max-image-preview:large, max-video-preview:-1\" \/>\n<link rel=\"canonical\" href=\"https:\/\/www.conceptflats.com\/it\/blog\/valencia-in-autunno\/\" \/>\n<meta property=\"og:locale\" content=\"it_IT\" \/>\n<meta property=\"og:type\" content=\"article\" \/>\n<meta property=\"og:title\" content=\"Visita Valencia in autunno - Concept Flats Valencia\" \/>\n<meta property=\"og:description\" content=\"Scopri Valencia in autunno e lasciati stupire dalla sua luce, cultura e sapori.\" \/>\n<meta property=\"og:url\" content=\"https:\/\/www.conceptflats.com\/it\/blog\/valencia-in-autunno\/\" \/>\n<meta property=\"og:site_name\" content=\"Concept Flats Valencia\" \/>\n<meta property=\"article:published_time\" content=\"2025-08-22T09:49:48+00:00\" \/>\n<meta property=\"article:modified_time\" content=\"2025-09-03T10:04:24+00:00\" \/>\n<meta property=\"og:image\" content=\"https:\/\/www.conceptflats.com\/wp-content\/uploads\/2025\/08\/otono-en-valencia.jpg\" \/>\n\t<meta property=\"og:image:width\" content=\"1254\" \/>\n\t<meta property=\"og:image:height\" content=\"705\" \/>\n\t<meta property=\"og:image:type\" content=\"image\/jpeg\" \/>\n<meta name=\"author\" content=\"Axel\" \/>\n<meta name=\"twitter:card\" content=\"summary_large_image\" \/>\n<meta name=\"twitter:label1\" content=\"Scritto da\" \/>\n\t<meta name=\"twitter:data1\" content=\"Axel\" \/>\n\t<meta name=\"twitter:label2\" content=\"Tempo di lettura stimato\" \/>\n\t<meta name=\"twitter:data2\" content=\"5 minuti\" \/>\n<script type=\"application\/ld+json\" class=\"yoast-schema-graph\">{\"@context\":\"https:\\\/\\\/schema.org\",\"@graph\":[{\"@type\":\"Article\",\"@id\":\"https:\\\/\\\/www.conceptflats.com\\\/it\\\/blog\\\/valencia-in-autunno\\\/#article\",\"isPartOf\":{\"@id\":\"https:\\\/\\\/www.conceptflats.com\\\/it\\\/blog\\\/valencia-in-autunno\\\/\"},\"author\":{\"name\":\"Axel\",\"@id\":\"https:\\\/\\\/www.conceptflats.com\\\/it\\\/#\\\/schema\\\/person\\\/65fe4a0482e82c9f61451388eebd34c1\"},\"headline\":\"Vuoi visitare Valencia in autunno? Scopri tutto quello che puoi fare in questo periodo dell&#8217;anno\",\"datePublished\":\"2025-08-22T09:49:48+00:00\",\"dateModified\":\"2025-09-03T10:04:24+00:00\",\"mainEntityOfPage\":{\"@id\":\"https:\\\/\\\/www.conceptflats.com\\\/it\\\/blog\\\/valencia-in-autunno\\\/\"},\"wordCount\":1018,\"publisher\":{\"@id\":\"https:\\\/\\\/www.conceptflats.com\\\/it\\\/#organization\"},\"image\":{\"@id\":\"https:\\\/\\\/www.conceptflats.com\\\/it\\\/blog\\\/valencia-in-autunno\\\/#primaryimage\"},\"thumbnailUrl\":\"https:\\\/\\\/www.conceptflats.com\\\/wp-content\\\/uploads\\\/2025\\\/08\\\/otono-en-valencia.jpg\",\"articleSection\":[\"Cosa Fare\"],\"inLanguage\":\"it-IT\"},{\"@type\":\"WebPage\",\"@id\":\"https:\\\/\\\/www.conceptflats.com\\\/it\\\/blog\\\/valencia-in-autunno\\\/\",\"url\":\"https:\\\/\\\/www.conceptflats.com\\\/it\\\/blog\\\/valencia-in-autunno\\\/\",\"name\":\"Visita Valencia in autunno - Concept Flats Valencia\",\"isPartOf\":{\"@id\":\"https:\\\/\\\/www.conceptflats.com\\\/it\\\/#website\"},\"primaryImageOfPage\":{\"@id\":\"https:\\\/\\\/www.conceptflats.com\\\/it\\\/blog\\\/valencia-in-autunno\\\/#primaryimage\"},\"image\":{\"@id\":\"https:\\\/\\\/www.conceptflats.com\\\/it\\\/blog\\\/valencia-in-autunno\\\/#primaryimage\"},\"thumbnailUrl\":\"https:\\\/\\\/www.conceptflats.com\\\/wp-content\\\/uploads\\\/2025\\\/08\\\/otono-en-valencia.jpg\",\"datePublished\":\"2025-08-22T09:49:48+00:00\",\"dateModified\":\"2025-09-03T10:04:24+00:00\",\"description\":\"Scopri Valencia in autunno e lasciati stupire dalla sua luce, cultura e sapori.\",\"breadcrumb\":{\"@id\":\"https:\\\/\\\/www.conceptflats.com\\\/it\\\/blog\\\/valencia-in-autunno\\\/#breadcrumb\"},\"inLanguage\":\"it-IT\",\"potentialAction\":[{\"@type\":\"ReadAction\",\"target\":[\"https:\\\/\\\/www.conceptflats.com\\\/it\\\/blog\\\/valencia-in-autunno\\\/\"]}]},{\"@type\":\"ImageObject\",\"inLanguage\":\"it-IT\",\"@id\":\"https:\\\/\\\/www.conceptflats.com\\\/it\\\/blog\\\/valencia-in-autunno\\\/#primaryimage\",\"url\":\"https:\\\/\\\/www.conceptflats.com\\\/wp-content\\\/uploads\\\/2025\\\/08\\\/otono-en-valencia.jpg\",\"contentUrl\":\"https:\\\/\\\/www.conceptflats.com\\\/wp-content\\\/uploads\\\/2025\\\/08\\\/otono-en-valencia.jpg\",\"width\":1254,\"height\":705,\"caption\":\"Miguelete Micalet toren Belfort in de kathedraal van Valencia\"},{\"@type\":\"BreadcrumbList\",\"@id\":\"https:\\\/\\\/www.conceptflats.com\\\/it\\\/blog\\\/valencia-in-autunno\\\/#breadcrumb\",\"itemListElement\":[{\"@type\":\"ListItem\",\"position\":1,\"name\":\"Home\",\"item\":\"https:\\\/\\\/www.conceptflats.com\\\/it\\\/\"},{\"@type\":\"ListItem\",\"position\":2,\"name\":\"Vuoi visitare Valencia in autunno? Scopri tutto quello che puoi fare in questo periodo dell&#8217;anno\"}]},{\"@type\":\"WebSite\",\"@id\":\"https:\\\/\\\/www.conceptflats.com\\\/it\\\/#website\",\"url\":\"https:\\\/\\\/www.conceptflats.com\\\/it\\\/\",\"name\":\"Concept Flats Valencia\",\"description\":\"\",\"publisher\":{\"@id\":\"https:\\\/\\\/www.conceptflats.com\\\/it\\\/#organization\"},\"potentialAction\":[{\"@type\":\"SearchAction\",\"target\":{\"@type\":\"EntryPoint\",\"urlTemplate\":\"https:\\\/\\\/www.conceptflats.com\\\/it\\\/?s={search_term_string}\"},\"query-input\":{\"@type\":\"PropertyValueSpecification\",\"valueRequired\":true,\"valueName\":\"search_term_string\"}}],\"inLanguage\":\"it-IT\"},{\"@type\":\"Organization\",\"@id\":\"https:\\\/\\\/www.conceptflats.com\\\/it\\\/#organization\",\"name\":\"Concept Flats Valencia\",\"url\":\"https:\\\/\\\/www.conceptflats.com\\\/it\\\/\",\"logo\":{\"@type\":\"ImageObject\",\"inLanguage\":\"it-IT\",\"@id\":\"https:\\\/\\\/www.conceptflats.com\\\/it\\\/#\\\/schema\\\/logo\\\/image\\\/\",\"url\":\"https:\\\/\\\/www.conceptflats.com\\\/wp-content\\\/uploads\\\/2025\\\/02\\\/Concept-Flats.png\",\"contentUrl\":\"https:\\\/\\\/www.conceptflats.com\\\/wp-content\\\/uploads\\\/2025\\\/02\\\/Concept-Flats.png\",\"width\":400,\"height\":121,\"caption\":\"Concept Flats Valencia\"},\"image\":{\"@id\":\"https:\\\/\\\/www.conceptflats.com\\\/it\\\/#\\\/schema\\\/logo\\\/image\\\/\"}},{\"@type\":\"Person\",\"@id\":\"https:\\\/\\\/www.conceptflats.com\\\/it\\\/#\\\/schema\\\/person\\\/65fe4a0482e82c9f61451388eebd34c1\",\"name\":\"Axel\",\"image\":{\"@type\":\"ImageObject\",\"inLanguage\":\"it-IT\",\"@id\":\"https:\\\/\\\/secure.gravatar.com\\\/avatar\\\/3bd706736e5b70f21f05f6c2d5cad746767782a4ba4b7df399c5969e2a9318fd?s=96&d=mm&r=g\",\"url\":\"https:\\\/\\\/secure.gravatar.com\\\/avatar\\\/3bd706736e5b70f21f05f6c2d5cad746767782a4ba4b7df399c5969e2a9318fd?s=96&d=mm&r=g\",\"contentUrl\":\"https:\\\/\\\/secure.gravatar.com\\\/avatar\\\/3bd706736e5b70f21f05f6c2d5cad746767782a4ba4b7df399c5969e2a9318fd?s=96&d=mm&r=g\",\"caption\":\"Axel\"},\"url\":\"https:\\\/\\\/www.conceptflats.com\\\/it\\\/blog\\\/author\\\/axel\\\/\"}]}<\/script>\n<!-- \/ Yoast SEO plugin. -->","yoast_head_json":{"title":"Visita Valencia in autunno - Concept Flats Valencia","description":"Scopri Valencia in autunno e lasciati stupire dalla sua luce, cultura e sapori.","robots":{"index":"index","follow":"follow","max-snippet":"max-snippet:-1","max-image-preview":"max-image-preview:large","max-video-preview":"max-video-preview:-1"},"canonical":"https:\/\/www.conceptflats.com\/it\/blog\/valencia-in-autunno\/","og_locale":"it_IT","og_type":"article","og_title":"Visita Valencia in autunno - Concept Flats Valencia","og_description":"Scopri Valencia in autunno e lasciati stupire dalla sua luce, cultura e sapori.","og_url":"https:\/\/www.conceptflats.com\/it\/blog\/valencia-in-autunno\/","og_site_name":"Concept Flats Valencia","article_published_time":"2025-08-22T09:49:48+00:00","article_modified_time":"2025-09-03T10:04:24+00:00","og_image":[{"width":1254,"height":705,"url":"https:\/\/www.conceptflats.com\/wp-content\/uploads\/2025\/08\/otono-en-valencia.jpg","type":"image\/jpeg"}],"author":"Axel","twitter_card":"summary_large_image","twitter_misc":{"Scritto da":"Axel","Tempo di lettura stimato":"5 minuti"},"schema":{"@context":"https:\/\/schema.org","@graph":[{"@type":"Article","@id":"https:\/\/www.conceptflats.com\/it\/blog\/valencia-in-autunno\/#article","isPartOf":{"@id":"https:\/\/www.conceptflats.com\/it\/blog\/valencia-in-autunno\/"},"author":{"name":"Axel","@id":"https:\/\/www.conceptflats.com\/it\/#\/schema\/person\/65fe4a0482e82c9f61451388eebd34c1"},"headline":"Vuoi visitare Valencia in autunno? Scopri tutto quello che puoi fare in questo periodo dell&#8217;anno","datePublished":"2025-08-22T09:49:48+00:00","dateModified":"2025-09-03T10:04:24+00:00","mainEntityOfPage":{"@id":"https:\/\/www.conceptflats.com\/it\/blog\/valencia-in-autunno\/"},"wordCount":1018,"publisher":{"@id":"https:\/\/www.conceptflats.com\/it\/#organization"},"image":{"@id":"https:\/\/www.conceptflats.com\/it\/blog\/valencia-in-autunno\/#primaryimage"},"thumbnailUrl":"https:\/\/www.conceptflats.com\/wp-content\/uploads\/2025\/08\/otono-en-valencia.jpg","articleSection":["Cosa Fare"],"inLanguage":"it-IT"},{"@type":"WebPage","@id":"https:\/\/www.conceptflats.com\/it\/blog\/valencia-in-autunno\/","url":"https:\/\/www.conceptflats.com\/it\/blog\/valencia-in-autunno\/","name":"Visita Valencia in autunno - Concept Flats Valencia","isPartOf":{"@id":"https:\/\/www.conceptflats.com\/it\/#website"},"primaryImageOfPage":{"@id":"https:\/\/www.conceptflats.com\/it\/blog\/valencia-in-autunno\/#primaryimage"},"image":{"@id":"https:\/\/www.conceptflats.com\/it\/blog\/valencia-in-autunno\/#primaryimage"},"thumbnailUrl":"https:\/\/www.conceptflats.com\/wp-content\/uploads\/2025\/08\/otono-en-valencia.jpg","datePublished":"2025-08-22T09:49:48+00:00","dateModified":"2025-09-03T10:04:24+00:00","description":"Scopri Valencia in autunno e lasciati stupire dalla sua luce, cultura e sapori.","breadcrumb":{"@id":"https:\/\/www.conceptflats.com\/it\/blog\/valencia-in-autunno\/#breadcrumb"},"inLanguage":"it-IT","potentialAction":[{"@type":"ReadAction","target":["https:\/\/www.conceptflats.com\/it\/blog\/valencia-in-autunno\/"]}]},{"@type":"ImageObject","inLanguage":"it-IT","@id":"https:\/\/www.conceptflats.com\/it\/blog\/valencia-in-autunno\/#primaryimage","url":"https:\/\/www.conceptflats.com\/wp-content\/uploads\/2025\/08\/otono-en-valencia.jpg","contentUrl":"https:\/\/www.conceptflats.com\/wp-content\/uploads\/2025\/08\/otono-en-valencia.jpg","width":1254,"height":705,"caption":"Miguelete Micalet toren Belfort in de kathedraal van Valencia"},{"@type":"BreadcrumbList","@id":"https:\/\/www.conceptflats.com\/it\/blog\/valencia-in-autunno\/#breadcrumb","itemListElement":[{"@type":"ListItem","position":1,"name":"Home","item":"https:\/\/www.conceptflats.com\/it\/"},{"@type":"ListItem","position":2,"name":"Vuoi visitare Valencia in autunno? Scopri tutto quello che puoi fare in questo periodo dell&#8217;anno"}]},{"@type":"WebSite","@id":"https:\/\/www.conceptflats.com\/it\/#website","url":"https:\/\/www.conceptflats.com\/it\/","name":"Concept Flats Valencia","description":"","publisher":{"@id":"https:\/\/www.conceptflats.com\/it\/#organization"},"potentialAction":[{"@type":"SearchAction","target":{"@type":"EntryPoint","urlTemplate":"https:\/\/www.conceptflats.com\/it\/?s={search_term_string}"},"query-input":{"@type":"PropertyValueSpecification","valueRequired":true,"valueName":"search_term_string"}}],"inLanguage":"it-IT"},{"@type":"Organization","@id":"https:\/\/www.conceptflats.com\/it\/#organization","name":"Concept Flats Valencia","url":"https:\/\/www.conceptflats.com\/it\/","logo":{"@type":"ImageObject","inLanguage":"it-IT","@id":"https:\/\/www.conceptflats.com\/it\/#\/schema\/logo\/image\/","url":"https:\/\/www.conceptflats.com\/wp-content\/uploads\/2025\/02\/Concept-Flats.png","contentUrl":"https:\/\/www.conceptflats.com\/wp-content\/uploads\/2025\/02\/Concept-Flats.png","width":400,"height":121,"caption":"Concept Flats Valencia"},"image":{"@id":"https:\/\/www.conceptflats.com\/it\/#\/schema\/logo\/image\/"}},{"@type":"Person","@id":"https:\/\/www.conceptflats.com\/it\/#\/schema\/person\/65fe4a0482e82c9f61451388eebd34c1","name":"Axel","image":{"@type":"ImageObject","inLanguage":"it-IT","@id":"https:\/\/secure.gravatar.com\/avatar\/3bd706736e5b70f21f05f6c2d5cad746767782a4ba4b7df399c5969e2a9318fd?s=96&d=mm&r=g","url":"https:\/\/secure.gravatar.com\/avatar\/3bd706736e5b70f21f05f6c2d5cad746767782a4ba4b7df399c5969e2a9318fd?s=96&d=mm&r=g","contentUrl":"https:\/\/secure.gravatar.com\/avatar\/3bd706736e5b70f21f05f6c2d5cad746767782a4ba4b7df399c5969e2a9318fd?s=96&d=mm&r=g","caption":"Axel"},"url":"https:\/\/www.conceptflats.com\/it\/blog\/author\/axel\/"}]}},"_links":{"self":[{"href":"https:\/\/www.conceptflats.com\/it\/wp-json\/wp\/v2\/posts\/2916","targetHints":{"allow":["GET"]}}],"collection":[{"href":"https:\/\/www.conceptflats.com\/it\/wp-json\/wp\/v2\/posts"}],"about":[{"href":"https:\/\/www.conceptflats.com\/it\/wp-json\/wp\/v2\/types\/post"}],"author":[{"embeddable":true,"href":"https:\/\/www.conceptflats.com\/it\/wp-json\/wp\/v2\/users\/2"}],"replies":[{"embeddable":true,"href":"https:\/\/www.conceptflats.com\/it\/wp-json\/wp\/v2\/comments?post=2916"}],"version-history":[{"count":1,"href":"https:\/\/www.conceptflats.com\/it\/wp-json\/wp\/v2\/posts\/2916\/revisions"}],"predecessor-version":[{"id":2917,"href":"https:\/\/www.conceptflats.com\/it\/wp-json\/wp\/v2\/posts\/2916\/revisions\/2917"}],"wp:featuredmedia":[{"embeddable":true,"href":"https:\/\/www.conceptflats.com\/it\/wp-json\/wp\/v2\/media\/2912"}],"wp:attachment":[{"href":"https:\/\/www.conceptflats.com\/it\/wp-json\/wp\/v2\/media?parent=2916"}],"wp:term":[{"taxonomy":"category","embeddable":true,"href":"https:\/\/www.conceptflats.com\/it\/wp-json\/wp\/v2\/categories?post=2916"},{"taxonomy":"post_tag","embeddable":true,"href":"https:\/\/www.conceptflats.com\/it\/wp-json\/wp\/v2\/tags?post=2916"}],"curies":[{"name":"wp","href":"https:\/\/api.w.org\/{rel}","templated":true}]}}