{"id":1784,"date":"2025-02-03T12:53:34","date_gmt":"2025-02-03T12:53:34","guid":{"rendered":"https:\/\/www.conceptflats.com\/vivi-la-notte-di-san-giovanni-e-rendila-unesperienza-indimenticabile\/"},"modified":"2025-04-30T15:09:40","modified_gmt":"2025-04-30T15:09:40","slug":"vivi-la-notte-di-san-giovanni-e-rendila-unesperienza-indimenticabile","status":"publish","type":"post","link":"https:\/\/www.conceptflats.com\/it\/blog\/vivi-la-notte-di-san-giovanni-e-rendila-unesperienza-indimenticabile\/","title":{"rendered":"Vivi la Notte di San Giovanni e rendila un&#8217;esperienza indimenticabile"},"content":{"rendered":"<p><span style=\"font-weight: 400;\">Il sole si nasconde all&#8217;orizzonte&#8230; Per illuminazione, solo la luna e la fiamma, in sottofondo, il suono della marea che sale e scende&#8230; S\u00ec, questa descrizione corrisponde a uno degli eventi pi\u00f9 magici dell&#8217;anno valenciano,  <\/span> <b>la Notte di San Giovanni<\/b><span style=\"font-weight: 400;\">, e oggi vogliamo parlartene.<\/span><\/p>\n<p><span style=\"font-weight: 400;\">Questa fantastica tradizione simboleggia<\/span><b> quel momento ideale per lasciarsi alle spalle i problemi del passato<\/b><span style=\"font-weight: 400;\">  e dare il benvenuto al solstizio d&#8217;estate come se ci stessimo purificando. Il metodo? Saltare sopra un piccolo fal\u00f2 e passare una notte di divertimento con gli amici.   <\/span><\/p>\n<p><span style=\"font-weight: 400;\">Qui sotto, <\/span><b>ti raccontiamo tutto sulla Notte di San Giovanni 2025 a Valencia <\/b>  <span style=\"font-weight: 400;\">e i suoi famosi fal\u00f2. Andiamo!  <\/span><\/p>\n<p>\n\n<figure class=\"wp-block-image size-full\"><img fetchpriority=\"high\" decoding=\"async\" width=\"800\" height=\"395\" class=\"wp-image-1763\" src=\"https:\/\/www.conceptflats.com\/wp-content\/uploads\/2025\/02\/hogera-san-juan-playa-malvarrosa.jpg\" alt=\"\" srcset=\"https:\/\/www.conceptflats.com\/wp-content\/uploads\/2025\/02\/hogera-san-juan-playa-malvarrosa.jpg 800w, https:\/\/www.conceptflats.com\/wp-content\/uploads\/2025\/02\/hogera-san-juan-playa-malvarrosa-300x148.jpg 300w, https:\/\/www.conceptflats.com\/wp-content\/uploads\/2025\/02\/hogera-san-juan-playa-malvarrosa-768x379.jpg 768w\" sizes=\"(max-width: 800px) 100vw, 800px\" \/><\/figure>\n<p><\/p><\/p>\n<h2> <\/h2>\n<h2><span style=\"font-weight: 400;\">Quando si celebra la Notte di San Giovanni a Valencia? <\/span><\/h2>\n<p><span style=\"font-weight: 400;\">Mentre ci stiamo scaldando per la Notte di San Giovanni a Valencia di questo 2025, siamo sicuri che<\/span><b> la prima cosa che ti interessa \u00e8 sapere quando si celebra<\/b><span style=\"font-weight: 400;\">. Immagina se non te lo dicessimo e ti presentassi nel giorno sbagliato&#8230; sarebbe una delusione tremenda, vero?<\/span><\/p>\n<p><span style=\"font-weight: 400;\">Scherzi a parte, <\/span><b>devi sapere che questa festa magica si celebra dal 23 al 24 giugno, proprio prima del solstizio d&#8217;estate<\/b><span style=\"font-weight: 400;\">. La cosa pi\u00f9 curiosa di tutte \u00e8 che \u00e8 la notte pi\u00f9 corta dell&#8217;anno, ma senza dubbio, diventa una delle pi\u00f9 lunghe quando si tratta di divertimento e tradizione. <\/span><\/p>\n<p>\n\n<figure class=\"wp-block-image size-full\"><img decoding=\"async\" width=\"800\" height=\"395\" class=\"wp-image-1769\" src=\"https:\/\/www.conceptflats.com\/wp-content\/uploads\/2025\/02\/noche-san-juan.jpg\" alt=\"Notte di San Giovanni a Valencia\" srcset=\"https:\/\/www.conceptflats.com\/wp-content\/uploads\/2025\/02\/noche-san-juan.jpg 800w, https:\/\/www.conceptflats.com\/wp-content\/uploads\/2025\/02\/noche-san-juan-300x148.jpg 300w, https:\/\/www.conceptflats.com\/wp-content\/uploads\/2025\/02\/noche-san-juan-768x379.jpg 768w\" sizes=\"(max-width: 800px) 100vw, 800px\" \/><\/figure>\n<p><\/p><\/p>\n<p><span style=\"font-weight: 400;\">A Valencia, le belle spiagge diventano lo scenario perfetto per <\/span><b>dare il benvenuto all&#8217;estate con un&#8217;intensa combinazione di fal\u00f2, musica e rituali<\/b><span style=\"font-weight: 400;\">  che fanno parte della cultura da tempi antichi. \u00c8 chiaro che sapevamo divertirci da molti anni&#8230;  <\/span><\/p>\n<p><span style=\"font-weight: 400;\">In sintesi, <\/span><b>la notte del 23 giugno \u00e8 il momento ideale per portare tutti i tuoi amici e familiari<\/b><span style=\"font-weight: 400;\">  sulle spiagge della Malvarrosa e del Cabanyal, dove puoi vedere come il fuoco e il mare si mescolano in una celebrazione indimenticabile. Ora andiamo con un po&#8217; di storia.  <\/span><\/p>\n<p>\n\n<figure class=\"wp-block-image size-full\"><img decoding=\"async\" width=\"800\" height=\"395\" class=\"wp-image-1772\" src=\"https:\/\/www.conceptflats.com\/wp-content\/uploads\/2025\/02\/san-juan-comunidad-valenciana.jpg\" alt=\"Notti di San Giovanni nella Comunit&#xE0; Valenciana\" srcset=\"https:\/\/www.conceptflats.com\/wp-content\/uploads\/2025\/02\/san-juan-comunidad-valenciana.jpg 800w, https:\/\/www.conceptflats.com\/wp-content\/uploads\/2025\/02\/san-juan-comunidad-valenciana-300x148.jpg 300w, https:\/\/www.conceptflats.com\/wp-content\/uploads\/2025\/02\/san-juan-comunidad-valenciana-768x379.jpg 768w\" sizes=\"(max-width: 800px) 100vw, 800px\" \/><\/figure>\n<p><\/p><\/p>\n<h2><span style=\"font-weight: 400;\">Scopri tutto sulle tradizioni e il significato della festa <\/span><\/h2>\n<p><span style=\"font-weight: 400;\">Un&#8217;altra curiosit\u00e0 che forse non sapevi sui fal\u00f2 di San Giovanni a Valencia \u00e8 quella che<\/span><b> si riferisce al suo significato e all&#8217;origine della tradizione<\/b><span style=\"font-weight: 400;\">. Ti diciamo gi\u00e0 che, a Valencia, la stragrande maggioranza delle celebrazioni ha una ragione molto specifica, non facciamo nulla tanto per fare. <\/span><\/p>\n<p><span style=\"font-weight: 400;\">Come probabilmente sai, i fal\u00f2 sono il cuore della celebrazione, poich\u00e9 simboleggiano la purificazione e la rinascita. <\/span><b>Le persone ci saltano sopra per purificare la loro anima e attirare la buona fortuna. <\/b><span style=\"font-weight: 400;\">Non sappiamo se funziona per tutti, ma \u00e8 chiaro che il divertimento \u00e8 garantito. <\/span><\/p>\n<p><span style=\"font-weight: 400;\">Inoltre, il bagno di mezzanotte in mare \u00e8 <\/span><b>una tradizione che cerca di rinnovare lo spirito e portare prosperit\u00e0<\/b><span style=\"font-weight: 400;\">. I fiori di San Giovanni, come il rosmarino e la lavanda, giocano anche un ruolo importante, poich\u00e9 si crede abbiano propriet\u00e0 magiche. Che ne pensi?  <\/span><\/p>\n<p>\n\n<figure class=\"wp-block-image size-full\"><img loading=\"lazy\" decoding=\"async\" width=\"800\" height=\"395\" class=\"wp-image-1778\" src=\"https:\/\/www.conceptflats.com\/wp-content\/uploads\/2025\/02\/vive-san-juan-en-valencia.jpg\" alt=\"Vivi la Notte di San Giovanni a Valencia\" srcset=\"https:\/\/www.conceptflats.com\/wp-content\/uploads\/2025\/02\/vive-san-juan-en-valencia.jpg 800w, https:\/\/www.conceptflats.com\/wp-content\/uploads\/2025\/02\/vive-san-juan-en-valencia-300x148.jpg 300w, https:\/\/www.conceptflats.com\/wp-content\/uploads\/2025\/02\/vive-san-juan-en-valencia-768x379.jpg 768w\" sizes=\"(max-width: 800px) 100vw, 800px\" \/><\/figure>\n<p><\/p><\/p>\n<h2><span style=\"font-weight: 400;\">Ancora non sai dove vedere i fal\u00f2 a Valencia?<\/span><\/h2>\n<p><span style=\"font-weight: 400;\">Ok, forse a questo punto sai gi\u00e0 quando si celebrano e perch\u00e9 si celebrano. Ma&#8230;  <\/span><b>Sai dove si celebrano i fal\u00f2 di San Giovanni a Valencia nel 2025?<\/b><span style=\"font-weight: 400;\">  Beh, \u00e8 molto semplice, dato che si svolgono nello stesso posto ogni anno, non puoi sbagliarti.<\/span><\/p>\n<p><span style=\"font-weight: 400;\">Stiamo parlando delle<\/span><b> spiagge della Malvarrosa e del Cabanyal<\/b><span style=\"font-weight: 400;\">, i luoghi perfetti per godersi questa tradizione. Qui, puoi accendere i tuoi fal\u00f2 grazie alla legna gratuita che viene distribuita lungo il lungomare dalle 18:00 del 23 giugno.  <\/span><\/p>\n<p><b>Un altro punto che non possiamo non sottolineare \u00e8 La Patacona,<\/b><span style=\"font-weight: 400;\">  nota per avere una delle atmosfere pi\u00f9 festose della citt\u00e0 e fal\u00f2 davvero impressionanti. Tuttavia, non dimenticare che \u00e8 vietato accendere fuochi sulle spiagge del Parco Naturale dell&#8217;Albufera, come El Saler o Pinedo, per proteggere l&#8217;ambiente naturale.  <\/span><\/p>\n<\/p>\n<h2><span style=\"font-weight: 400;\">Segui questi consigli per goderti la serata al massimo  <\/span><\/h2>\n<p><span style=\"font-weight: 400;\">Lo sappiamo che uscire a far festa spesso significa dare un po&#8217; di matto senza pensarci troppo. Per\u00f2,   <\/span> <b>se vuoi goderti questa notte al massimo, ti consigliamo di prendere nota di questi suggerimenti<\/b><span style=\"font-weight: 400;\"> da veri esperti dei fal\u00f2 di San Giovanni:<\/span><\/p>\n<h3><span style=\"font-weight: 400;\">Prepara il tuo kit di sopravvivenza notturno<\/span><\/h3>\n<p><span style=\"font-weight: 400;\">Prima di uscire, <\/span><b>assicurati di portare tutto il necessario<\/b><span style=\"font-weight: 400;\">. Una buona idea \u00e8 portare un asciugamano per asciugarsi dopo il bagno di mezzanotte, la crema solare per evitare scottature durante il giorno e un paio di infradito per camminare comodamente sulla spiaggia senza farti male ai piedi.  <\/span><\/p>\n<p><span style=\"font-weight: 400;\">Se in pi\u00f9<\/span><b> includi una bottiglia d&#8217;acqua per rimanere idratato <\/b><span style=\"font-weight: 400;\">e qualche snack per la notte, avrai fatto proprio centro.<\/span><\/p>\n<h3><span style=\"font-weight: 400;\">Scegli il posto migliore per vedere i fal\u00f2<\/span><\/h3>\n<p><span style=\"font-weight: 400;\">Come abbiamo detto prima, le spiagge di Malvarrosa e Cabanyal sono ideali per godersi i fal\u00f2. Comunque, <\/span><b>  arriva presto per assicurarti un buon posto vicino al mare e alle fiamme<\/b><span style=\"font-weight: 400;\">, perch\u00e9 altrimenti potrebbe diventare un po&#8217; complicato. Ricorda che La Patacona \u00e8 anche un&#8217;ottima opzione se cerchi un&#8217;atmosfera pi\u00f9 vivace.   <\/span><\/p>\n\n<figure class=\"wp-block-image size-full\"><img loading=\"lazy\" decoding=\"async\" width=\"800\" height=\"395\" src=\"https:\/\/www.conceptflats.com\/wp-content\/uploads\/2025\/02\/san-juan-valencia-fiesta-playa.jpg\" alt=\"San Giovanni a Valencia in spiaggia\" class=\"wp-image-1775\" srcset=\"https:\/\/www.conceptflats.com\/wp-content\/uploads\/2025\/02\/san-juan-valencia-fiesta-playa.jpg 800w, https:\/\/www.conceptflats.com\/wp-content\/uploads\/2025\/02\/san-juan-valencia-fiesta-playa-300x148.jpg 300w, https:\/\/www.conceptflats.com\/wp-content\/uploads\/2025\/02\/san-juan-valencia-fiesta-playa-768x379.jpg 768w\" sizes=\"(max-width: 800px) 100vw, 800px\" \/><\/figure>\n<p><!-- \/wp:post-content --><\/p>\n","protected":false},"excerpt":{"rendered":"<p>Proin gravida nisi turpis, posuere elementum leo laoreet Curabitur accumsan maximus.<\/p>\n","protected":false},"author":1,"featured_media":1761,"comment_status":"closed","ping_status":"closed","sticky":false,"template":"","format":"standard","meta":{"_joinchat":[],"footnotes":""},"categories":[43],"tags":[],"class_list":["post-1784","post","type-post","status-publish","format-standard","has-post-thumbnail","hentry","category-quartiere-di-ruzafa"],"yoast_head":"<!-- This site is optimized with the Yoast SEO plugin v27.5 - https:\/\/yoast.com\/product\/yoast-seo-wordpress\/ -->\n<title>Notte di San Giovanni a Valencia, una notte indimenticabile<\/title>\n<meta name=\"description\" content=\"Vivi una notte magica a Valencia durante la Notte di San Giovanni. Scopri la spiaggia di Valencia, di giorno e di notte. Tutto quello che devi sapere!\" \/>\n<meta name=\"robots\" content=\"index, follow, max-snippet:-1, max-image-preview:large, max-video-preview:-1\" \/>\n<link rel=\"canonical\" href=\"https:\/\/www.conceptflats.com\/it\/blog\/vivi-la-notte-di-san-giovanni-e-rendila-unesperienza-indimenticabile\/\" \/>\n<meta property=\"og:locale\" content=\"it_IT\" \/>\n<meta property=\"og:type\" content=\"article\" \/>\n<meta property=\"og:title\" content=\"Notte di San Giovanni a Valencia, una notte indimenticabile\" \/>\n<meta property=\"og:description\" content=\"Vivi una notte magica a Valencia durante la Notte di San Giovanni. Scopri la spiaggia di Valencia, di giorno e di notte. Tutto quello che devi sapere!\" \/>\n<meta property=\"og:url\" content=\"https:\/\/www.conceptflats.com\/it\/blog\/vivi-la-notte-di-san-giovanni-e-rendila-unesperienza-indimenticabile\/\" \/>\n<meta property=\"og:site_name\" content=\"Concept Flats Valencia\" \/>\n<meta property=\"article:published_time\" content=\"2025-02-03T12:53:34+00:00\" \/>\n<meta property=\"article:modified_time\" content=\"2025-04-30T15:09:40+00:00\" \/>\n<meta property=\"og:image\" content=\"https:\/\/www.conceptflats.com\/wp-content\/uploads\/2025\/02\/noche-san-juan-valencia.jpg\" \/>\n\t<meta property=\"og:image:width\" content=\"900\" \/>\n\t<meta property=\"og:image:height\" content=\"444\" \/>\n\t<meta property=\"og:image:type\" content=\"image\/jpeg\" \/>\n<meta name=\"author\" content=\"digitalservice\" \/>\n<meta name=\"twitter:card\" content=\"summary_large_image\" \/>\n<meta name=\"twitter:label1\" content=\"Scritto da\" \/>\n\t<meta name=\"twitter:data1\" content=\"digitalservice\" \/>\n\t<meta name=\"twitter:label2\" content=\"Tempo di lettura stimato\" \/>\n\t<meta name=\"twitter:data2\" content=\"4 minuti\" \/>\n<script type=\"application\/ld+json\" class=\"yoast-schema-graph\">{\"@context\":\"https:\\\/\\\/schema.org\",\"@graph\":[{\"@type\":\"Article\",\"@id\":\"https:\\\/\\\/www.conceptflats.com\\\/it\\\/blog\\\/vivi-la-notte-di-san-giovanni-e-rendila-unesperienza-indimenticabile\\\/#article\",\"isPartOf\":{\"@id\":\"https:\\\/\\\/www.conceptflats.com\\\/it\\\/blog\\\/vivi-la-notte-di-san-giovanni-e-rendila-unesperienza-indimenticabile\\\/\"},\"author\":{\"name\":\"digitalservice\",\"@id\":\"https:\\\/\\\/www.conceptflats.com\\\/it\\\/#\\\/schema\\\/person\\\/3c658312d6cb67be9880bee04986c7eb\"},\"headline\":\"Vivi la Notte di San Giovanni e rendila un&#8217;esperienza indimenticabile\",\"datePublished\":\"2025-02-03T12:53:34+00:00\",\"dateModified\":\"2025-04-30T15:09:40+00:00\",\"mainEntityOfPage\":{\"@id\":\"https:\\\/\\\/www.conceptflats.com\\\/it\\\/blog\\\/vivi-la-notte-di-san-giovanni-e-rendila-unesperienza-indimenticabile\\\/\"},\"wordCount\":767,\"publisher\":{\"@id\":\"https:\\\/\\\/www.conceptflats.com\\\/it\\\/#organization\"},\"image\":{\"@id\":\"https:\\\/\\\/www.conceptflats.com\\\/it\\\/blog\\\/vivi-la-notte-di-san-giovanni-e-rendila-unesperienza-indimenticabile\\\/#primaryimage\"},\"thumbnailUrl\":\"https:\\\/\\\/www.conceptflats.com\\\/wp-content\\\/uploads\\\/2025\\\/02\\\/noche-san-juan-valencia.jpg\",\"articleSection\":[\"Ruzafa\"],\"inLanguage\":\"it-IT\"},{\"@type\":\"WebPage\",\"@id\":\"https:\\\/\\\/www.conceptflats.com\\\/it\\\/blog\\\/vivi-la-notte-di-san-giovanni-e-rendila-unesperienza-indimenticabile\\\/\",\"url\":\"https:\\\/\\\/www.conceptflats.com\\\/it\\\/blog\\\/vivi-la-notte-di-san-giovanni-e-rendila-unesperienza-indimenticabile\\\/\",\"name\":\"Notte di San Giovanni a Valencia, una notte indimenticabile\",\"isPartOf\":{\"@id\":\"https:\\\/\\\/www.conceptflats.com\\\/it\\\/#website\"},\"primaryImageOfPage\":{\"@id\":\"https:\\\/\\\/www.conceptflats.com\\\/it\\\/blog\\\/vivi-la-notte-di-san-giovanni-e-rendila-unesperienza-indimenticabile\\\/#primaryimage\"},\"image\":{\"@id\":\"https:\\\/\\\/www.conceptflats.com\\\/it\\\/blog\\\/vivi-la-notte-di-san-giovanni-e-rendila-unesperienza-indimenticabile\\\/#primaryimage\"},\"thumbnailUrl\":\"https:\\\/\\\/www.conceptflats.com\\\/wp-content\\\/uploads\\\/2025\\\/02\\\/noche-san-juan-valencia.jpg\",\"datePublished\":\"2025-02-03T12:53:34+00:00\",\"dateModified\":\"2025-04-30T15:09:40+00:00\",\"description\":\"Vivi una notte magica a Valencia durante la Notte di San Giovanni. Scopri la spiaggia di Valencia, di giorno e di notte. Tutto quello che devi sapere!\",\"breadcrumb\":{\"@id\":\"https:\\\/\\\/www.conceptflats.com\\\/it\\\/blog\\\/vivi-la-notte-di-san-giovanni-e-rendila-unesperienza-indimenticabile\\\/#breadcrumb\"},\"inLanguage\":\"it-IT\",\"potentialAction\":[{\"@type\":\"ReadAction\",\"target\":[\"https:\\\/\\\/www.conceptflats.com\\\/it\\\/blog\\\/vivi-la-notte-di-san-giovanni-e-rendila-unesperienza-indimenticabile\\\/\"]}]},{\"@type\":\"ImageObject\",\"inLanguage\":\"it-IT\",\"@id\":\"https:\\\/\\\/www.conceptflats.com\\\/it\\\/blog\\\/vivi-la-notte-di-san-giovanni-e-rendila-unesperienza-indimenticabile\\\/#primaryimage\",\"url\":\"https:\\\/\\\/www.conceptflats.com\\\/wp-content\\\/uploads\\\/2025\\\/02\\\/noche-san-juan-valencia.jpg\",\"contentUrl\":\"https:\\\/\\\/www.conceptflats.com\\\/wp-content\\\/uploads\\\/2025\\\/02\\\/noche-san-juan-valencia.jpg\",\"width\":900,\"height\":444,\"caption\":\"Noche San Juan Valencia\"},{\"@type\":\"BreadcrumbList\",\"@id\":\"https:\\\/\\\/www.conceptflats.com\\\/it\\\/blog\\\/vivi-la-notte-di-san-giovanni-e-rendila-unesperienza-indimenticabile\\\/#breadcrumb\",\"itemListElement\":[{\"@type\":\"ListItem\",\"position\":1,\"name\":\"Home\",\"item\":\"https:\\\/\\\/www.conceptflats.com\\\/it\\\/\"},{\"@type\":\"ListItem\",\"position\":2,\"name\":\"Vivi la Notte di San Giovanni e rendila un&#8217;esperienza indimenticabile\"}]},{\"@type\":\"WebSite\",\"@id\":\"https:\\\/\\\/www.conceptflats.com\\\/it\\\/#website\",\"url\":\"https:\\\/\\\/www.conceptflats.com\\\/it\\\/\",\"name\":\"Concept Flats Valencia\",\"description\":\"\",\"publisher\":{\"@id\":\"https:\\\/\\\/www.conceptflats.com\\\/it\\\/#organization\"},\"potentialAction\":[{\"@type\":\"SearchAction\",\"target\":{\"@type\":\"EntryPoint\",\"urlTemplate\":\"https:\\\/\\\/www.conceptflats.com\\\/it\\\/?s={search_term_string}\"},\"query-input\":{\"@type\":\"PropertyValueSpecification\",\"valueRequired\":true,\"valueName\":\"search_term_string\"}}],\"inLanguage\":\"it-IT\"},{\"@type\":\"Organization\",\"@id\":\"https:\\\/\\\/www.conceptflats.com\\\/it\\\/#organization\",\"name\":\"Concept Flats Valencia\",\"url\":\"https:\\\/\\\/www.conceptflats.com\\\/it\\\/\",\"logo\":{\"@type\":\"ImageObject\",\"inLanguage\":\"it-IT\",\"@id\":\"https:\\\/\\\/www.conceptflats.com\\\/it\\\/#\\\/schema\\\/logo\\\/image\\\/\",\"url\":\"https:\\\/\\\/www.conceptflats.com\\\/wp-content\\\/uploads\\\/2025\\\/02\\\/Concept-Flats.png\",\"contentUrl\":\"https:\\\/\\\/www.conceptflats.com\\\/wp-content\\\/uploads\\\/2025\\\/02\\\/Concept-Flats.png\",\"width\":400,\"height\":121,\"caption\":\"Concept Flats Valencia\"},\"image\":{\"@id\":\"https:\\\/\\\/www.conceptflats.com\\\/it\\\/#\\\/schema\\\/logo\\\/image\\\/\"}},{\"@type\":\"Person\",\"@id\":\"https:\\\/\\\/www.conceptflats.com\\\/it\\\/#\\\/schema\\\/person\\\/3c658312d6cb67be9880bee04986c7eb\",\"name\":\"digitalservice\",\"image\":{\"@type\":\"ImageObject\",\"inLanguage\":\"it-IT\",\"@id\":\"https:\\\/\\\/secure.gravatar.com\\\/avatar\\\/bb32062d9a31dae1ae4e7fbbe66028066d74f02ad75875f5f617860c81ed25fc?s=96&d=mm&r=g\",\"url\":\"https:\\\/\\\/secure.gravatar.com\\\/avatar\\\/bb32062d9a31dae1ae4e7fbbe66028066d74f02ad75875f5f617860c81ed25fc?s=96&d=mm&r=g\",\"contentUrl\":\"https:\\\/\\\/secure.gravatar.com\\\/avatar\\\/bb32062d9a31dae1ae4e7fbbe66028066d74f02ad75875f5f617860c81ed25fc?s=96&d=mm&r=g\",\"caption\":\"digitalservice\"},\"sameAs\":[\"https:\\\/\\\/www.conceptflats.com\"],\"url\":\"https:\\\/\\\/www.conceptflats.com\\\/it\\\/blog\\\/author\\\/avantioblog\\\/\"}]}<\/script>\n<!-- \/ Yoast SEO plugin. -->","yoast_head_json":{"title":"Notte di San Giovanni a Valencia, una notte indimenticabile","description":"Vivi una notte magica a Valencia durante la Notte di San Giovanni. Scopri la spiaggia di Valencia, di giorno e di notte. Tutto quello che devi sapere!","robots":{"index":"index","follow":"follow","max-snippet":"max-snippet:-1","max-image-preview":"max-image-preview:large","max-video-preview":"max-video-preview:-1"},"canonical":"https:\/\/www.conceptflats.com\/it\/blog\/vivi-la-notte-di-san-giovanni-e-rendila-unesperienza-indimenticabile\/","og_locale":"it_IT","og_type":"article","og_title":"Notte di San Giovanni a Valencia, una notte indimenticabile","og_description":"Vivi una notte magica a Valencia durante la Notte di San Giovanni. Scopri la spiaggia di Valencia, di giorno e di notte. Tutto quello che devi sapere!","og_url":"https:\/\/www.conceptflats.com\/it\/blog\/vivi-la-notte-di-san-giovanni-e-rendila-unesperienza-indimenticabile\/","og_site_name":"Concept Flats Valencia","article_published_time":"2025-02-03T12:53:34+00:00","article_modified_time":"2025-04-30T15:09:40+00:00","og_image":[{"width":900,"height":444,"url":"https:\/\/www.conceptflats.com\/wp-content\/uploads\/2025\/02\/noche-san-juan-valencia.jpg","type":"image\/jpeg"}],"author":"digitalservice","twitter_card":"summary_large_image","twitter_misc":{"Scritto da":"digitalservice","Tempo di lettura stimato":"4 minuti"},"schema":{"@context":"https:\/\/schema.org","@graph":[{"@type":"Article","@id":"https:\/\/www.conceptflats.com\/it\/blog\/vivi-la-notte-di-san-giovanni-e-rendila-unesperienza-indimenticabile\/#article","isPartOf":{"@id":"https:\/\/www.conceptflats.com\/it\/blog\/vivi-la-notte-di-san-giovanni-e-rendila-unesperienza-indimenticabile\/"},"author":{"name":"digitalservice","@id":"https:\/\/www.conceptflats.com\/it\/#\/schema\/person\/3c658312d6cb67be9880bee04986c7eb"},"headline":"Vivi la Notte di San Giovanni e rendila un&#8217;esperienza indimenticabile","datePublished":"2025-02-03T12:53:34+00:00","dateModified":"2025-04-30T15:09:40+00:00","mainEntityOfPage":{"@id":"https:\/\/www.conceptflats.com\/it\/blog\/vivi-la-notte-di-san-giovanni-e-rendila-unesperienza-indimenticabile\/"},"wordCount":767,"publisher":{"@id":"https:\/\/www.conceptflats.com\/it\/#organization"},"image":{"@id":"https:\/\/www.conceptflats.com\/it\/blog\/vivi-la-notte-di-san-giovanni-e-rendila-unesperienza-indimenticabile\/#primaryimage"},"thumbnailUrl":"https:\/\/www.conceptflats.com\/wp-content\/uploads\/2025\/02\/noche-san-juan-valencia.jpg","articleSection":["Ruzafa"],"inLanguage":"it-IT"},{"@type":"WebPage","@id":"https:\/\/www.conceptflats.com\/it\/blog\/vivi-la-notte-di-san-giovanni-e-rendila-unesperienza-indimenticabile\/","url":"https:\/\/www.conceptflats.com\/it\/blog\/vivi-la-notte-di-san-giovanni-e-rendila-unesperienza-indimenticabile\/","name":"Notte di San Giovanni a Valencia, una notte indimenticabile","isPartOf":{"@id":"https:\/\/www.conceptflats.com\/it\/#website"},"primaryImageOfPage":{"@id":"https:\/\/www.conceptflats.com\/it\/blog\/vivi-la-notte-di-san-giovanni-e-rendila-unesperienza-indimenticabile\/#primaryimage"},"image":{"@id":"https:\/\/www.conceptflats.com\/it\/blog\/vivi-la-notte-di-san-giovanni-e-rendila-unesperienza-indimenticabile\/#primaryimage"},"thumbnailUrl":"https:\/\/www.conceptflats.com\/wp-content\/uploads\/2025\/02\/noche-san-juan-valencia.jpg","datePublished":"2025-02-03T12:53:34+00:00","dateModified":"2025-04-30T15:09:40+00:00","description":"Vivi una notte magica a Valencia durante la Notte di San Giovanni. Scopri la spiaggia di Valencia, di giorno e di notte. Tutto quello che devi sapere!","breadcrumb":{"@id":"https:\/\/www.conceptflats.com\/it\/blog\/vivi-la-notte-di-san-giovanni-e-rendila-unesperienza-indimenticabile\/#breadcrumb"},"inLanguage":"it-IT","potentialAction":[{"@type":"ReadAction","target":["https:\/\/www.conceptflats.com\/it\/blog\/vivi-la-notte-di-san-giovanni-e-rendila-unesperienza-indimenticabile\/"]}]},{"@type":"ImageObject","inLanguage":"it-IT","@id":"https:\/\/www.conceptflats.com\/it\/blog\/vivi-la-notte-di-san-giovanni-e-rendila-unesperienza-indimenticabile\/#primaryimage","url":"https:\/\/www.conceptflats.com\/wp-content\/uploads\/2025\/02\/noche-san-juan-valencia.jpg","contentUrl":"https:\/\/www.conceptflats.com\/wp-content\/uploads\/2025\/02\/noche-san-juan-valencia.jpg","width":900,"height":444,"caption":"Noche San Juan Valencia"},{"@type":"BreadcrumbList","@id":"https:\/\/www.conceptflats.com\/it\/blog\/vivi-la-notte-di-san-giovanni-e-rendila-unesperienza-indimenticabile\/#breadcrumb","itemListElement":[{"@type":"ListItem","position":1,"name":"Home","item":"https:\/\/www.conceptflats.com\/it\/"},{"@type":"ListItem","position":2,"name":"Vivi la Notte di San Giovanni e rendila un&#8217;esperienza indimenticabile"}]},{"@type":"WebSite","@id":"https:\/\/www.conceptflats.com\/it\/#website","url":"https:\/\/www.conceptflats.com\/it\/","name":"Concept Flats Valencia","description":"","publisher":{"@id":"https:\/\/www.conceptflats.com\/it\/#organization"},"potentialAction":[{"@type":"SearchAction","target":{"@type":"EntryPoint","urlTemplate":"https:\/\/www.conceptflats.com\/it\/?s={search_term_string}"},"query-input":{"@type":"PropertyValueSpecification","valueRequired":true,"valueName":"search_term_string"}}],"inLanguage":"it-IT"},{"@type":"Organization","@id":"https:\/\/www.conceptflats.com\/it\/#organization","name":"Concept Flats Valencia","url":"https:\/\/www.conceptflats.com\/it\/","logo":{"@type":"ImageObject","inLanguage":"it-IT","@id":"https:\/\/www.conceptflats.com\/it\/#\/schema\/logo\/image\/","url":"https:\/\/www.conceptflats.com\/wp-content\/uploads\/2025\/02\/Concept-Flats.png","contentUrl":"https:\/\/www.conceptflats.com\/wp-content\/uploads\/2025\/02\/Concept-Flats.png","width":400,"height":121,"caption":"Concept Flats Valencia"},"image":{"@id":"https:\/\/www.conceptflats.com\/it\/#\/schema\/logo\/image\/"}},{"@type":"Person","@id":"https:\/\/www.conceptflats.com\/it\/#\/schema\/person\/3c658312d6cb67be9880bee04986c7eb","name":"digitalservice","image":{"@type":"ImageObject","inLanguage":"it-IT","@id":"https:\/\/secure.gravatar.com\/avatar\/bb32062d9a31dae1ae4e7fbbe66028066d74f02ad75875f5f617860c81ed25fc?s=96&d=mm&r=g","url":"https:\/\/secure.gravatar.com\/avatar\/bb32062d9a31dae1ae4e7fbbe66028066d74f02ad75875f5f617860c81ed25fc?s=96&d=mm&r=g","contentUrl":"https:\/\/secure.gravatar.com\/avatar\/bb32062d9a31dae1ae4e7fbbe66028066d74f02ad75875f5f617860c81ed25fc?s=96&d=mm&r=g","caption":"digitalservice"},"sameAs":["https:\/\/www.conceptflats.com"],"url":"https:\/\/www.conceptflats.com\/it\/blog\/author\/avantioblog\/"}]}},"_links":{"self":[{"href":"https:\/\/www.conceptflats.com\/it\/wp-json\/wp\/v2\/posts\/1784","targetHints":{"allow":["GET"]}}],"collection":[{"href":"https:\/\/www.conceptflats.com\/it\/wp-json\/wp\/v2\/posts"}],"about":[{"href":"https:\/\/www.conceptflats.com\/it\/wp-json\/wp\/v2\/types\/post"}],"author":[{"embeddable":true,"href":"https:\/\/www.conceptflats.com\/it\/wp-json\/wp\/v2\/users\/1"}],"replies":[{"embeddable":true,"href":"https:\/\/www.conceptflats.com\/it\/wp-json\/wp\/v2\/comments?post=1784"}],"version-history":[{"count":1,"href":"https:\/\/www.conceptflats.com\/it\/wp-json\/wp\/v2\/posts\/1784\/revisions"}],"predecessor-version":[{"id":1785,"href":"https:\/\/www.conceptflats.com\/it\/wp-json\/wp\/v2\/posts\/1784\/revisions\/1785"}],"wp:featuredmedia":[{"embeddable":true,"href":"https:\/\/www.conceptflats.com\/it\/wp-json\/wp\/v2\/media\/1761"}],"wp:attachment":[{"href":"https:\/\/www.conceptflats.com\/it\/wp-json\/wp\/v2\/media?parent=1784"}],"wp:term":[{"taxonomy":"category","embeddable":true,"href":"https:\/\/www.conceptflats.com\/it\/wp-json\/wp\/v2\/categories?post=1784"},{"taxonomy":"post_tag","embeddable":true,"href":"https:\/\/www.conceptflats.com\/it\/wp-json\/wp\/v2\/tags?post=1784"}],"curies":[{"name":"wp","href":"https:\/\/api.w.org\/{rel}","templated":true}]}}